{"id":657,"date":"2023-10-27T09:55:00","date_gmt":"2023-10-27T12:55:00","guid":{"rendered":"https:\/\/mproduccion.datacentersgo.gob.ar\/?p=657"},"modified":"2024-06-13T09:55:34","modified_gmt":"2024-06-13T12:55:34","slug":"el-ministerio-de-produccion-se-reunio-con-el-equipo-tecnico-de-medio-ambiente","status":"publish","type":"post","link":"https:\/\/mproduccion.datacentersgo.gob.ar\/index.php\/sin-categoria\/el-ministerio-de-produccion-se-reunio-con-el-equipo-tecnico-de-medio-ambiente\/","title":{"rendered":"El Ministerio de Producci\u00f3n se reuni\u00f3 con el equipo t\u00e9cnico de Medio Ambiente"},"content":{"rendered":"\n<p>El<strong>&nbsp;ministro Miguel Mandrille&nbsp;<\/strong>se reuni\u00f3 junto al equipo t\u00e9cnico de la&nbsp;<strong>Subsecretar\u00eda de Medio Ambiente; Direcci\u00f3n de Bosques y Fauna; y la Brigada de Control Ambiental&nbsp;<\/strong>dependiente del&nbsp;<strong>Ministerio de Ambiente Naci\u00f3n.<\/strong><\/p>\n\n\n\n<p>La reuni\u00f3n consisti\u00f3 en una puesta en com\u00fan, sobre los informes de relevamiento del equipo t\u00e9cnico del&nbsp;<strong>Ministerio de Ambiente dependiente de Naci\u00f3n<\/strong>, la&nbsp;<strong>Direcci\u00f3n de Bosques y Fauna y Subsecretar\u00eda de Medio ambiente.<\/strong><\/p>\n\n\n\n<p><strong>Se analizaron alternativas de mitigaci\u00f3n para la fauna Silvestre y dom\u00e9stica en la obra canal de la patria en sus diferentes tramos.<\/strong><\/p>\n","protected":false},"excerpt":{"rendered":"<p>El&nbsp;ministro Miguel Mandrille&nbsp;se reuni\u00f3 junto al equipo t\u00e9cnico de la&nbsp;Subsecretar\u00eda de Medio Ambiente; Direcci\u00f3n de Bosques y Fauna; y la Brigada de Control Ambiental&nbsp;dependiente del&nbsp;Ministerio de Ambiente Naci\u00f3n. La reuni\u00f3n consisti\u00f3 en una puesta en com\u00fan, sobre los informes de relevamiento del equipo t\u00e9cnico del&nbsp;Ministerio de Ambiente dependiente de Naci\u00f3n, la&nbsp;Direcci\u00f3n de Bosques y Fauna [&hellip;]<\/p>\n","protected":false},"author":1,"featured_media":658,"comment_status":"open","ping_status":"open","sticky":false,"template":"","format":"standard","meta":{"_acf_changed":false,"footnotes":""},"categories":[1],"tags":[],"class_list":["post-657","post","type-post","status-publish","format-standard","has-post-thumbnail","hentry","category-sin-categoria"],"acf":[],"yoast_head":"<!-- This site is optimized with the Yoast SEO plugin v26.4 - https:\/\/yoast.com\/wordpress\/plugins\/seo\/ -->\n<title>El Ministerio de Producci\u00f3n se reuni\u00f3 con el equipo t\u00e9cnico de Medio Ambiente - Ministerio de Producci\u00f3n de Santiago del Estero<\/title>\n<meta name=\"robots\" content=\"index, follow, max-snippet:-1, max-image-preview:large, max-video-preview:-1\" \/>\n<link rel=\"canonical\" href=\"https:\/\/mproduccion.datacentersgo.gob.ar\/index.php\/sin-categoria\/el-ministerio-de-produccion-se-reunio-con-el-equipo-tecnico-de-medio-ambiente\/\" \/>\n<meta property=\"og:locale\" content=\"es_ES\" \/>\n<meta property=\"og:type\" content=\"article\" \/>\n<meta property=\"og:title\" content=\"El Ministerio de Producci\u00f3n se reuni\u00f3 con el equipo t\u00e9cnico de Medio Ambiente - Ministerio de Producci\u00f3n de Santiago del Estero\" \/>\n<meta property=\"og:description\" content=\"El&nbsp;ministro Miguel Mandrille&nbsp;se reuni\u00f3 junto al equipo t\u00e9cnico de la&nbsp;Subsecretar\u00eda de Medio Ambiente; Direcci\u00f3n de Bosques y Fauna; y la Brigada de Control Ambiental&nbsp;dependiente del&nbsp;Ministerio de Ambiente Naci\u00f3n. La reuni\u00f3n consisti\u00f3 en una puesta en com\u00fan, sobre los informes de relevamiento del equipo t\u00e9cnico del&nbsp;Ministerio de Ambiente dependiente de Naci\u00f3n, la&nbsp;Direcci\u00f3n de Bosques y Fauna [&hellip;]\" \/>\n<meta property=\"og:url\" content=\"https:\/\/mproduccion.datacentersgo.gob.ar\/index.php\/sin-categoria\/el-ministerio-de-produccion-se-reunio-con-el-equipo-tecnico-de-medio-ambiente\/\" \/>\n<meta property=\"og:site_name\" content=\"Ministerio de Producci\u00f3n de Santiago del Estero\" \/>\n<meta property=\"article:publisher\" content=\"https:\/\/www.facebook.com\/MProduccion\" \/>\n<meta property=\"article:published_time\" content=\"2023-10-27T12:55:00+00:00\" \/>\n<meta property=\"article:modified_time\" content=\"2024-06-13T12:55:34+00:00\" \/>\n<meta property=\"og:image\" content=\"https:\/\/mproduccion.datacentersgo.gob.ar\/wp-content\/uploads\/2024\/06\/395322113_703428745151210_6381305957684172003_n.jpg\" \/>\n\t<meta property=\"og:image:width\" content=\"1200\" \/>\n\t<meta property=\"og:image:height\" content=\"675\" \/>\n\t<meta property=\"og:image:type\" content=\"image\/jpeg\" \/>\n<meta name=\"author\" content=\"Ministerio de Producci\u00f3n\" \/>\n<meta name=\"twitter:card\" content=\"summary_large_image\" \/>\n<meta name=\"twitter:label1\" content=\"Escrito por\" \/>\n\t<meta name=\"twitter:data1\" content=\"Ministerio de Producci\u00f3n\" \/>\n\t<meta name=\"twitter:label2\" content=\"Tiempo de lectura\" \/>\n\t<meta name=\"twitter:data2\" content=\"1 minuto\" \/>\n<script type=\"application\/ld+json\" class=\"yoast-schema-graph\">{\"@context\":\"https:\/\/schema.org\",\"@graph\":[{\"@type\":\"Article\",\"@id\":\"https:\/\/mproduccion.datacentersgo.gob.ar\/index.php\/sin-categoria\/el-ministerio-de-produccion-se-reunio-con-el-equipo-tecnico-de-medio-ambiente\/#article\",\"isPartOf\":{\"@id\":\"https:\/\/mproduccion.datacentersgo.gob.ar\/index.php\/sin-categoria\/el-ministerio-de-produccion-se-reunio-con-el-equipo-tecnico-de-medio-ambiente\/\"},\"author\":{\"name\":\"Ministerio de Producci\u00f3n\",\"@id\":\"https:\/\/mproduccion.datacentersgo.gob.ar\/#\/schema\/person\/4af5beecd98d5d78058395a80dbdb3c6\"},\"headline\":\"El Ministerio de Producci\u00f3n se reuni\u00f3 con el equipo t\u00e9cnico de Medio Ambiente\",\"datePublished\":\"2023-10-27T12:55:00+00:00\",\"dateModified\":\"2024-06-13T12:55:34+00:00\",\"mainEntityOfPage\":{\"@id\":\"https:\/\/mproduccion.datacentersgo.gob.ar\/index.php\/sin-categoria\/el-ministerio-de-produccion-se-reunio-con-el-equipo-tecnico-de-medio-ambiente\/\"},\"wordCount\":123,\"commentCount\":0,\"publisher\":{\"@id\":\"https:\/\/mproduccion.datacentersgo.gob.ar\/#organization\"},\"image\":{\"@id\":\"https:\/\/mproduccion.datacentersgo.gob.ar\/index.php\/sin-categoria\/el-ministerio-de-produccion-se-reunio-con-el-equipo-tecnico-de-medio-ambiente\/#primaryimage\"},\"thumbnailUrl\":\"https:\/\/mproduccion.datacentersgo.gob.ar\/wp-content\/uploads\/2024\/06\/395322113_703428745151210_6381305957684172003_n.jpg\",\"inLanguage\":\"es\",\"potentialAction\":[{\"@type\":\"CommentAction\",\"name\":\"Comment\",\"target\":[\"https:\/\/mproduccion.datacentersgo.gob.ar\/index.php\/sin-categoria\/el-ministerio-de-produccion-se-reunio-con-el-equipo-tecnico-de-medio-ambiente\/#respond\"]}]},{\"@type\":\"WebPage\",\"@id\":\"https:\/\/mproduccion.datacentersgo.gob.ar\/index.php\/sin-categoria\/el-ministerio-de-produccion-se-reunio-con-el-equipo-tecnico-de-medio-ambiente\/\",\"url\":\"https:\/\/mproduccion.datacentersgo.gob.ar\/index.php\/sin-categoria\/el-ministerio-de-produccion-se-reunio-con-el-equipo-tecnico-de-medio-ambiente\/\",\"name\":\"El Ministerio de Producci\u00f3n se reuni\u00f3 con el equipo t\u00e9cnico de Medio Ambiente - Ministerio de Producci\u00f3n de Santiago del Estero\",\"isPartOf\":{\"@id\":\"https:\/\/mproduccion.datacentersgo.gob.ar\/#website\"},\"primaryImageOfPage\":{\"@id\":\"https:\/\/mproduccion.datacentersgo.gob.ar\/index.php\/sin-categoria\/el-ministerio-de-produccion-se-reunio-con-el-equipo-tecnico-de-medio-ambiente\/#primaryimage\"},\"image\":{\"@id\":\"https:\/\/mproduccion.datacentersgo.gob.ar\/index.php\/sin-categoria\/el-ministerio-de-produccion-se-reunio-con-el-equipo-tecnico-de-medio-ambiente\/#primaryimage\"},\"thumbnailUrl\":\"https:\/\/mproduccion.datacentersgo.gob.ar\/wp-content\/uploads\/2024\/06\/395322113_703428745151210_6381305957684172003_n.jpg\",\"datePublished\":\"2023-10-27T12:55:00+00:00\",\"dateModified\":\"2024-06-13T12:55:34+00:00\",\"breadcrumb\":{\"@id\":\"https:\/\/mproduccion.datacentersgo.gob.ar\/index.php\/sin-categoria\/el-ministerio-de-produccion-se-reunio-con-el-equipo-tecnico-de-medio-ambiente\/#breadcrumb\"},\"inLanguage\":\"es\",\"potentialAction\":[{\"@type\":\"ReadAction\",\"target\":[\"https:\/\/mproduccion.datacentersgo.gob.ar\/index.php\/sin-categoria\/el-ministerio-de-produccion-se-reunio-con-el-equipo-tecnico-de-medio-ambiente\/\"]}]},{\"@type\":\"ImageObject\",\"inLanguage\":\"es\",\"@id\":\"https:\/\/mproduccion.datacentersgo.gob.ar\/index.php\/sin-categoria\/el-ministerio-de-produccion-se-reunio-con-el-equipo-tecnico-de-medio-ambiente\/#primaryimage\",\"url\":\"https:\/\/mproduccion.datacentersgo.gob.ar\/wp-content\/uploads\/2024\/06\/395322113_703428745151210_6381305957684172003_n.jpg\",\"contentUrl\":\"https:\/\/mproduccion.datacentersgo.gob.ar\/wp-content\/uploads\/2024\/06\/395322113_703428745151210_6381305957684172003_n.jpg\",\"width\":1200,\"height\":675},{\"@type\":\"BreadcrumbList\",\"@id\":\"https:\/\/mproduccion.datacentersgo.gob.ar\/index.php\/sin-categoria\/el-ministerio-de-produccion-se-reunio-con-el-equipo-tecnico-de-medio-ambiente\/#breadcrumb\",\"itemListElement\":[{\"@type\":\"ListItem\",\"position\":1,\"name\":\"Portada\",\"item\":\"https:\/\/mproduccion.datacentersgo.gob.ar\/\"},{\"@type\":\"ListItem\",\"position\":2,\"name\":\"El Ministerio de Producci\u00f3n se reuni\u00f3 con el equipo t\u00e9cnico de Medio Ambiente\"}]},{\"@type\":\"WebSite\",\"@id\":\"https:\/\/mproduccion.datacentersgo.gob.ar\/#website\",\"url\":\"https:\/\/mproduccion.datacentersgo.gob.ar\/\",\"name\":\"Ministerio de Producci\u00f3n de Santiago del Estero\",\"description\":\"\",\"publisher\":{\"@id\":\"https:\/\/mproduccion.datacentersgo.gob.ar\/#organization\"},\"potentialAction\":[{\"@type\":\"SearchAction\",\"target\":{\"@type\":\"EntryPoint\",\"urlTemplate\":\"https:\/\/mproduccion.datacentersgo.gob.ar\/?s={search_term_string}\"},\"query-input\":{\"@type\":\"PropertyValueSpecification\",\"valueRequired\":true,\"valueName\":\"search_term_string\"}}],\"inLanguage\":\"es\"},{\"@type\":\"Organization\",\"@id\":\"https:\/\/mproduccion.datacentersgo.gob.ar\/#organization\",\"name\":\"Ministerio de Producci\u00f3n De Santiago del Estero\",\"url\":\"https:\/\/mproduccion.datacentersgo.gob.ar\/\",\"logo\":{\"@type\":\"ImageObject\",\"inLanguage\":\"es\",\"@id\":\"https:\/\/mproduccion.datacentersgo.gob.ar\/#\/schema\/logo\/image\/\",\"url\":\"https:\/\/mproduccion.datacentersgo.gob.ar\/wp-content\/uploads\/2022\/07\/Ministerio-Produccion-Logo.png\",\"contentUrl\":\"https:\/\/mproduccion.datacentersgo.gob.ar\/wp-content\/uploads\/2022\/07\/Ministerio-Produccion-Logo.png\",\"width\":1000,\"height\":1000,\"caption\":\"Ministerio de Producci\u00f3n De Santiago del Estero\"},\"image\":{\"@id\":\"https:\/\/mproduccion.datacentersgo.gob.ar\/#\/schema\/logo\/image\/\"},\"sameAs\":[\"https:\/\/www.facebook.com\/MProduccion\",\"https:\/\/www.instagram.com\/ministeriodeproduccionsde\/\",\"https:\/\/www.youtube.com\/channel\/UCWZNDXe5X8raCg0SVdIcnjg\"]},{\"@type\":\"Person\",\"@id\":\"https:\/\/mproduccion.datacentersgo.gob.ar\/#\/schema\/person\/4af5beecd98d5d78058395a80dbdb3c6\",\"name\":\"Ministerio de Producci\u00f3n\",\"image\":{\"@type\":\"ImageObject\",\"inLanguage\":\"es\",\"@id\":\"https:\/\/mproduccion.datacentersgo.gob.ar\/#\/schema\/person\/image\/\",\"url\":\"https:\/\/secure.gravatar.com\/avatar\/fff36974328ff2e31baebb43c23b25ff3b41968a321863ed3b5d29b09b931c0f?s=96&d=mm&r=g\",\"contentUrl\":\"https:\/\/secure.gravatar.com\/avatar\/fff36974328ff2e31baebb43c23b25ff3b41968a321863ed3b5d29b09b931c0f?s=96&d=mm&r=g\",\"caption\":\"Ministerio de Producci\u00f3n\"},\"sameAs\":[\"https:\/\/mproduccion.datacentersgo.gob.ar\"],\"url\":\"https:\/\/mproduccion.datacentersgo.gob.ar\/index.php\/author\/mproducc\/\"}]}<\/script>\n<!-- \/ Yoast SEO plugin. -->","yoast_head_json":{"title":"El Ministerio de Producci\u00f3n se reuni\u00f3 con el equipo t\u00e9cnico de Medio Ambiente - Ministerio de Producci\u00f3n de Santiago del Estero","robots":{"index":"index","follow":"follow","max-snippet":"max-snippet:-1","max-image-preview":"max-image-preview:large","max-video-preview":"max-video-preview:-1"},"canonical":"https:\/\/mproduccion.datacentersgo.gob.ar\/index.php\/sin-categoria\/el-ministerio-de-produccion-se-reunio-con-el-equipo-tecnico-de-medio-ambiente\/","og_locale":"es_ES","og_type":"article","og_title":"El Ministerio de Producci\u00f3n se reuni\u00f3 con el equipo t\u00e9cnico de Medio Ambiente - Ministerio de Producci\u00f3n de Santiago del Estero","og_description":"El&nbsp;ministro Miguel Mandrille&nbsp;se reuni\u00f3 junto al equipo t\u00e9cnico de la&nbsp;Subsecretar\u00eda de Medio Ambiente; Direcci\u00f3n de Bosques y Fauna; y la Brigada de Control Ambiental&nbsp;dependiente del&nbsp;Ministerio de Ambiente Naci\u00f3n. La reuni\u00f3n consisti\u00f3 en una puesta en com\u00fan, sobre los informes de relevamiento del equipo t\u00e9cnico del&nbsp;Ministerio de Ambiente dependiente de Naci\u00f3n, la&nbsp;Direcci\u00f3n de Bosques y Fauna [&hellip;]","og_url":"https:\/\/mproduccion.datacentersgo.gob.ar\/index.php\/sin-categoria\/el-ministerio-de-produccion-se-reunio-con-el-equipo-tecnico-de-medio-ambiente\/","og_site_name":"Ministerio de Producci\u00f3n de Santiago del Estero","article_publisher":"https:\/\/www.facebook.com\/MProduccion","article_published_time":"2023-10-27T12:55:00+00:00","article_modified_time":"2024-06-13T12:55:34+00:00","og_image":[{"width":1200,"height":675,"url":"https:\/\/mproduccion.datacentersgo.gob.ar\/wp-content\/uploads\/2024\/06\/395322113_703428745151210_6381305957684172003_n.jpg","type":"image\/jpeg"}],"author":"Ministerio de Producci\u00f3n","twitter_card":"summary_large_image","twitter_misc":{"Escrito por":"Ministerio de Producci\u00f3n","Tiempo de lectura":"1 minuto"},"schema":{"@context":"https:\/\/schema.org","@graph":[{"@type":"Article","@id":"https:\/\/mproduccion.datacentersgo.gob.ar\/index.php\/sin-categoria\/el-ministerio-de-produccion-se-reunio-con-el-equipo-tecnico-de-medio-ambiente\/#article","isPartOf":{"@id":"https:\/\/mproduccion.datacentersgo.gob.ar\/index.php\/sin-categoria\/el-ministerio-de-produccion-se-reunio-con-el-equipo-tecnico-de-medio-ambiente\/"},"author":{"name":"Ministerio de Producci\u00f3n","@id":"https:\/\/mproduccion.datacentersgo.gob.ar\/#\/schema\/person\/4af5beecd98d5d78058395a80dbdb3c6"},"headline":"El Ministerio de Producci\u00f3n se reuni\u00f3 con el equipo t\u00e9cnico de Medio Ambiente","datePublished":"2023-10-27T12:55:00+00:00","dateModified":"2024-06-13T12:55:34+00:00","mainEntityOfPage":{"@id":"https:\/\/mproduccion.datacentersgo.gob.ar\/index.php\/sin-categoria\/el-ministerio-de-produccion-se-reunio-con-el-equipo-tecnico-de-medio-ambiente\/"},"wordCount":123,"commentCount":0,"publisher":{"@id":"https:\/\/mproduccion.datacentersgo.gob.ar\/#organization"},"image":{"@id":"https:\/\/mproduccion.datacentersgo.gob.ar\/index.php\/sin-categoria\/el-ministerio-de-produccion-se-reunio-con-el-equipo-tecnico-de-medio-ambiente\/#primaryimage"},"thumbnailUrl":"https:\/\/mproduccion.datacentersgo.gob.ar\/wp-content\/uploads\/2024\/06\/395322113_703428745151210_6381305957684172003_n.jpg","inLanguage":"es","potentialAction":[{"@type":"CommentAction","name":"Comment","target":["https:\/\/mproduccion.datacentersgo.gob.ar\/index.php\/sin-categoria\/el-ministerio-de-produccion-se-reunio-con-el-equipo-tecnico-de-medio-ambiente\/#respond"]}]},{"@type":"WebPage","@id":"https:\/\/mproduccion.datacentersgo.gob.ar\/index.php\/sin-categoria\/el-ministerio-de-produccion-se-reunio-con-el-equipo-tecnico-de-medio-ambiente\/","url":"https:\/\/mproduccion.datacentersgo.gob.ar\/index.php\/sin-categoria\/el-ministerio-de-produccion-se-reunio-con-el-equipo-tecnico-de-medio-ambiente\/","name":"El Ministerio de Producci\u00f3n se reuni\u00f3 con el equipo t\u00e9cnico de Medio Ambiente - Ministerio de Producci\u00f3n de Santiago del Estero","isPartOf":{"@id":"https:\/\/mproduccion.datacentersgo.gob.ar\/#website"},"primaryImageOfPage":{"@id":"https:\/\/mproduccion.datacentersgo.gob.ar\/index.php\/sin-categoria\/el-ministerio-de-produccion-se-reunio-con-el-equipo-tecnico-de-medio-ambiente\/#primaryimage"},"image":{"@id":"https:\/\/mproduccion.datacentersgo.gob.ar\/index.php\/sin-categoria\/el-ministerio-de-produccion-se-reunio-con-el-equipo-tecnico-de-medio-ambiente\/#primaryimage"},"thumbnailUrl":"https:\/\/mproduccion.datacentersgo.gob.ar\/wp-content\/uploads\/2024\/06\/395322113_703428745151210_6381305957684172003_n.jpg","datePublished":"2023-10-27T12:55:00+00:00","dateModified":"2024-06-13T12:55:34+00:00","breadcrumb":{"@id":"https:\/\/mproduccion.datacentersgo.gob.ar\/index.php\/sin-categoria\/el-ministerio-de-produccion-se-reunio-con-el-equipo-tecnico-de-medio-ambiente\/#breadcrumb"},"inLanguage":"es","potentialAction":[{"@type":"ReadAction","target":["https:\/\/mproduccion.datacentersgo.gob.ar\/index.php\/sin-categoria\/el-ministerio-de-produccion-se-reunio-con-el-equipo-tecnico-de-medio-ambiente\/"]}]},{"@type":"ImageObject","inLanguage":"es","@id":"https:\/\/mproduccion.datacentersgo.gob.ar\/index.php\/sin-categoria\/el-ministerio-de-produccion-se-reunio-con-el-equipo-tecnico-de-medio-ambiente\/#primaryimage","url":"https:\/\/mproduccion.datacentersgo.gob.ar\/wp-content\/uploads\/2024\/06\/395322113_703428745151210_6381305957684172003_n.jpg","contentUrl":"https:\/\/mproduccion.datacentersgo.gob.ar\/wp-content\/uploads\/2024\/06\/395322113_703428745151210_6381305957684172003_n.jpg","width":1200,"height":675},{"@type":"BreadcrumbList","@id":"https:\/\/mproduccion.datacentersgo.gob.ar\/index.php\/sin-categoria\/el-ministerio-de-produccion-se-reunio-con-el-equipo-tecnico-de-medio-ambiente\/#breadcrumb","itemListElement":[{"@type":"ListItem","position":1,"name":"Portada","item":"https:\/\/mproduccion.datacentersgo.gob.ar\/"},{"@type":"ListItem","position":2,"name":"El Ministerio de Producci\u00f3n se reuni\u00f3 con el equipo t\u00e9cnico de Medio Ambiente"}]},{"@type":"WebSite","@id":"https:\/\/mproduccion.datacentersgo.gob.ar\/#website","url":"https:\/\/mproduccion.datacentersgo.gob.ar\/","name":"Ministerio de Producci\u00f3n de Santiago del Estero","description":"","publisher":{"@id":"https:\/\/mproduccion.datacentersgo.gob.ar\/#organization"},"potentialAction":[{"@type":"SearchAction","target":{"@type":"EntryPoint","urlTemplate":"https:\/\/mproduccion.datacentersgo.gob.ar\/?s={search_term_string}"},"query-input":{"@type":"PropertyValueSpecification","valueRequired":true,"valueName":"search_term_string"}}],"inLanguage":"es"},{"@type":"Organization","@id":"https:\/\/mproduccion.datacentersgo.gob.ar\/#organization","name":"Ministerio de Producci\u00f3n De Santiago del Estero","url":"https:\/\/mproduccion.datacentersgo.gob.ar\/","logo":{"@type":"ImageObject","inLanguage":"es","@id":"https:\/\/mproduccion.datacentersgo.gob.ar\/#\/schema\/logo\/image\/","url":"https:\/\/mproduccion.datacentersgo.gob.ar\/wp-content\/uploads\/2022\/07\/Ministerio-Produccion-Logo.png","contentUrl":"https:\/\/mproduccion.datacentersgo.gob.ar\/wp-content\/uploads\/2022\/07\/Ministerio-Produccion-Logo.png","width":1000,"height":1000,"caption":"Ministerio de Producci\u00f3n De Santiago del Estero"},"image":{"@id":"https:\/\/mproduccion.datacentersgo.gob.ar\/#\/schema\/logo\/image\/"},"sameAs":["https:\/\/www.facebook.com\/MProduccion","https:\/\/www.instagram.com\/ministeriodeproduccionsde\/","https:\/\/www.youtube.com\/channel\/UCWZNDXe5X8raCg0SVdIcnjg"]},{"@type":"Person","@id":"https:\/\/mproduccion.datacentersgo.gob.ar\/#\/schema\/person\/4af5beecd98d5d78058395a80dbdb3c6","name":"Ministerio de Producci\u00f3n","image":{"@type":"ImageObject","inLanguage":"es","@id":"https:\/\/mproduccion.datacentersgo.gob.ar\/#\/schema\/person\/image\/","url":"https:\/\/secure.gravatar.com\/avatar\/fff36974328ff2e31baebb43c23b25ff3b41968a321863ed3b5d29b09b931c0f?s=96&d=mm&r=g","contentUrl":"https:\/\/secure.gravatar.com\/avatar\/fff36974328ff2e31baebb43c23b25ff3b41968a321863ed3b5d29b09b931c0f?s=96&d=mm&r=g","caption":"Ministerio de Producci\u00f3n"},"sameAs":["https:\/\/mproduccion.datacentersgo.gob.ar"],"url":"https:\/\/mproduccion.datacentersgo.gob.ar\/index.php\/author\/mproducc\/"}]}},"_links":{"self":[{"href":"https:\/\/mproduccion.datacentersgo.gob.ar\/index.php\/wp-json\/wp\/v2\/posts\/657","targetHints":{"allow":["GET"]}}],"collection":[{"href":"https:\/\/mproduccion.datacentersgo.gob.ar\/index.php\/wp-json\/wp\/v2\/posts"}],"about":[{"href":"https:\/\/mproduccion.datacentersgo.gob.ar\/index.php\/wp-json\/wp\/v2\/types\/post"}],"author":[{"embeddable":true,"href":"https:\/\/mproduccion.datacentersgo.gob.ar\/index.php\/wp-json\/wp\/v2\/users\/1"}],"replies":[{"embeddable":true,"href":"https:\/\/mproduccion.datacentersgo.gob.ar\/index.php\/wp-json\/wp\/v2\/comments?post=657"}],"version-history":[{"count":1,"href":"https:\/\/mproduccion.datacentersgo.gob.ar\/index.php\/wp-json\/wp\/v2\/posts\/657\/revisions"}],"predecessor-version":[{"id":659,"href":"https:\/\/mproduccion.datacentersgo.gob.ar\/index.php\/wp-json\/wp\/v2\/posts\/657\/revisions\/659"}],"wp:featuredmedia":[{"embeddable":true,"href":"https:\/\/mproduccion.datacentersgo.gob.ar\/index.php\/wp-json\/wp\/v2\/media\/658"}],"wp:attachment":[{"href":"https:\/\/mproduccion.datacentersgo.gob.ar\/index.php\/wp-json\/wp\/v2\/media?parent=657"}],"wp:term":[{"taxonomy":"category","embeddable":true,"href":"https:\/\/mproduccion.datacentersgo.gob.ar\/index.php\/wp-json\/wp\/v2\/categories?post=657"},{"taxonomy":"post_tag","embeddable":true,"href":"https:\/\/mproduccion.datacentersgo.gob.ar\/index.php\/wp-json\/wp\/v2\/tags?post=657"}],"curies":[{"name":"wp","href":"https:\/\/api.w.org\/{rel}","templated":true}]}}