{"id":642,"date":"2024-06-05T12:50:00","date_gmt":"2024-06-05T12:50:00","guid":{"rendered":"https:\/\/mproduccion.datacentersgo.gob.ar\/?p=642"},"modified":"2024-06-13T12:51:07","modified_gmt":"2024-06-13T12:51:07","slug":"el-ministerio-de-produccion-y-el-iosep-firmaron-un-convenio-para-el-cuidado-del-medio-ambiente","status":"publish","type":"post","link":"https:\/\/mproduccion.datacentersgo.gob.ar\/index.php\/sin-categoria\/el-ministerio-de-produccion-y-el-iosep-firmaron-un-convenio-para-el-cuidado-del-medio-ambiente\/","title":{"rendered":"El Ministerio de Producci\u00f3n y el IOSEP firmaron un convenio para el cuidado del medio ambiente"},"content":{"rendered":"\n<p>En el marco del\u00a0<strong>D\u00eda Mundial del Medio Ambiente<\/strong>, este mi\u00e9rcoles se firm\u00f3 un convenio de colaboraci\u00f3n entre el\u00a0<strong>Ministerio de Producci\u00f3n, Recursos Naturales, Forestaci\u00f3n, Tierras y Medio Ambiente de Santiago del estero y el Instituto de Obra Social del Empleado Provincial (Iosep).<\/strong><\/p>\n\n\n\n<p>Participaron de este acto el presidente del Iosep, Ra\u00fal Ayuch y en representaci\u00f3n del&nbsp;Ministerio de Producci\u00f3n estuvo el subsecretario de Medio Ambiente de la provincia, Carlos Salmoiraghi; adem\u00e1s de la gerente general del Iosep, Graciela Muratore de Corona y la directora de Control y Fiscalizaci\u00f3n Ambiental de la Subsecretar\u00eda de Medio Ambiente, Isabel Brand\u00e1n, junto a profesionales de distintas \u00e1reas e invitados especiales.<\/p>\n\n\n\n<p><strong>En esta oportunidad tambi\u00e9n se dio inicio al primer encuentro de unas jornadas de capacitaciones contempladas en el convenio, que se realizar\u00e1n durante 4 mi\u00e9rcoles consecutivos mediante en talleres interactivos de modalidad presencial para promover soluciones sostenibles, fomentar pr\u00e1cticas y conductas que contribuyan a mantener&nbsp; mejorar el medioambiente dentro de un contexto urbano a trav\u00e9s de la implementaci\u00f3n de pr\u00e1cticas de gesti\u00f3n de residuos s\u00f3lidos, uso eficiente del agua y fomento de la econom\u00eda circular sensibilizaci\u00f3n del cambio clim\u00e1tico.<\/strong><\/p>\n\n\n\n<p>En este contexto, Salmoiraghi llam\u00f3 a la reflexi\u00f3n e inst\u00f3 a los ciudadanos a ver como \u201cfundamental\u201d el cuidado del medioambiente en el d\u00eda a d\u00eda.<\/p>\n\n\n\n<p>A su vez, Ayuch destac\u00f3 el compromiso, la articulaci\u00f3n e integraci\u00f3n entre el Iosep y el Ministerio de Salud; tambi\u00e9n resalt\u00f3 lo valioso que es este ciclo de capacitaciones en valor humano, con el fin de<strong>&nbsp;\u201cvolcar los recursos, herramientas necesarias que la entidad tiene, pese a que sabemos que debemos seguir trabajando, nuestra meta es potenciarnos y articular entre el personal\u201d.<\/strong><\/p>\n","protected":false},"excerpt":{"rendered":"<p>En el marco del\u00a0D\u00eda Mundial del Medio Ambiente, este mi\u00e9rcoles se firm\u00f3 un convenio de colaboraci\u00f3n entre el\u00a0Ministerio de Producci\u00f3n, Recursos Naturales, Forestaci\u00f3n, Tierras y Medio Ambiente de Santiago del estero y el Instituto de Obra Social del Empleado Provincial (Iosep). Participaron de este acto el presidente del Iosep, Ra\u00fal Ayuch y en representaci\u00f3n del&nbsp;Ministerio [&hellip;]<\/p>\n","protected":false},"author":1,"featured_media":643,"comment_status":"open","ping_status":"open","sticky":false,"template":"","format":"standard","meta":{"_acf_changed":false,"footnotes":""},"categories":[1],"tags":[],"class_list":["post-642","post","type-post","status-publish","format-standard","has-post-thumbnail","hentry","category-sin-categoria"],"acf":[],"yoast_head":"<!-- This site is optimized with the Yoast SEO plugin v26.4 - https:\/\/yoast.com\/wordpress\/plugins\/seo\/ -->\n<title>El Ministerio de Producci\u00f3n y el IOSEP firmaron un convenio para el cuidado del medio ambiente - Ministerio de Producci\u00f3n de Santiago del Estero<\/title>\n<meta name=\"robots\" content=\"index, follow, max-snippet:-1, max-image-preview:large, max-video-preview:-1\" \/>\n<link rel=\"canonical\" href=\"https:\/\/mproduccion.datacentersgo.gob.ar\/index.php\/sin-categoria\/el-ministerio-de-produccion-y-el-iosep-firmaron-un-convenio-para-el-cuidado-del-medio-ambiente\/\" \/>\n<meta property=\"og:locale\" content=\"es_ES\" \/>\n<meta property=\"og:type\" content=\"article\" \/>\n<meta property=\"og:title\" content=\"El Ministerio de Producci\u00f3n y el IOSEP firmaron un convenio para el cuidado del medio ambiente - Ministerio de Producci\u00f3n de Santiago del Estero\" \/>\n<meta property=\"og:description\" content=\"En el marco del\u00a0D\u00eda Mundial del Medio Ambiente, este mi\u00e9rcoles se firm\u00f3 un convenio de colaboraci\u00f3n entre el\u00a0Ministerio de Producci\u00f3n, Recursos Naturales, Forestaci\u00f3n, Tierras y Medio Ambiente de Santiago del estero y el Instituto de Obra Social del Empleado Provincial (Iosep). Participaron de este acto el presidente del Iosep, Ra\u00fal Ayuch y en representaci\u00f3n del&nbsp;Ministerio [&hellip;]\" \/>\n<meta property=\"og:url\" content=\"https:\/\/mproduccion.datacentersgo.gob.ar\/index.php\/sin-categoria\/el-ministerio-de-produccion-y-el-iosep-firmaron-un-convenio-para-el-cuidado-del-medio-ambiente\/\" \/>\n<meta property=\"og:site_name\" content=\"Ministerio de Producci\u00f3n de Santiago del Estero\" \/>\n<meta property=\"article:publisher\" content=\"https:\/\/www.facebook.com\/MProduccion\" \/>\n<meta property=\"article:published_time\" content=\"2024-06-05T12:50:00+00:00\" \/>\n<meta property=\"article:modified_time\" content=\"2024-06-13T12:51:07+00:00\" \/>\n<meta property=\"og:image\" content=\"https:\/\/mproduccion.datacentersgo.gob.ar\/wp-content\/uploads\/2024\/06\/WhatsApp-Image-2024-06-05-at-12.28.51-1-1024x576-1.jpeg\" \/>\n\t<meta property=\"og:image:width\" content=\"1024\" \/>\n\t<meta property=\"og:image:height\" content=\"576\" \/>\n\t<meta property=\"og:image:type\" content=\"image\/jpeg\" \/>\n<meta name=\"author\" content=\"Ministerio de Producci\u00f3n\" \/>\n<meta name=\"twitter:card\" content=\"summary_large_image\" \/>\n<meta name=\"twitter:label1\" content=\"Escrito por\" \/>\n\t<meta name=\"twitter:data1\" content=\"Ministerio de Producci\u00f3n\" \/>\n\t<meta name=\"twitter:label2\" content=\"Tiempo de lectura\" \/>\n\t<meta name=\"twitter:data2\" content=\"2 minutos\" \/>\n<script type=\"application\/ld+json\" class=\"yoast-schema-graph\">{\"@context\":\"https:\/\/schema.org\",\"@graph\":[{\"@type\":\"Article\",\"@id\":\"https:\/\/mproduccion.datacentersgo.gob.ar\/index.php\/sin-categoria\/el-ministerio-de-produccion-y-el-iosep-firmaron-un-convenio-para-el-cuidado-del-medio-ambiente\/#article\",\"isPartOf\":{\"@id\":\"https:\/\/mproduccion.datacentersgo.gob.ar\/index.php\/sin-categoria\/el-ministerio-de-produccion-y-el-iosep-firmaron-un-convenio-para-el-cuidado-del-medio-ambiente\/\"},\"author\":{\"name\":\"Ministerio de Producci\u00f3n\",\"@id\":\"https:\/\/mproduccion.datacentersgo.gob.ar\/#\/schema\/person\/4af5beecd98d5d78058395a80dbdb3c6\"},\"headline\":\"El Ministerio de Producci\u00f3n y el IOSEP firmaron un convenio para el cuidado del medio ambiente\",\"datePublished\":\"2024-06-05T12:50:00+00:00\",\"dateModified\":\"2024-06-13T12:51:07+00:00\",\"mainEntityOfPage\":{\"@id\":\"https:\/\/mproduccion.datacentersgo.gob.ar\/index.php\/sin-categoria\/el-ministerio-de-produccion-y-el-iosep-firmaron-un-convenio-para-el-cuidado-del-medio-ambiente\/\"},\"wordCount\":323,\"commentCount\":0,\"publisher\":{\"@id\":\"https:\/\/mproduccion.datacentersgo.gob.ar\/#organization\"},\"image\":{\"@id\":\"https:\/\/mproduccion.datacentersgo.gob.ar\/index.php\/sin-categoria\/el-ministerio-de-produccion-y-el-iosep-firmaron-un-convenio-para-el-cuidado-del-medio-ambiente\/#primaryimage\"},\"thumbnailUrl\":\"https:\/\/mproduccion.datacentersgo.gob.ar\/wp-content\/uploads\/2024\/06\/WhatsApp-Image-2024-06-05-at-12.28.51-1-1024x576-1.jpeg\",\"inLanguage\":\"es\",\"potentialAction\":[{\"@type\":\"CommentAction\",\"name\":\"Comment\",\"target\":[\"https:\/\/mproduccion.datacentersgo.gob.ar\/index.php\/sin-categoria\/el-ministerio-de-produccion-y-el-iosep-firmaron-un-convenio-para-el-cuidado-del-medio-ambiente\/#respond\"]}]},{\"@type\":\"WebPage\",\"@id\":\"https:\/\/mproduccion.datacentersgo.gob.ar\/index.php\/sin-categoria\/el-ministerio-de-produccion-y-el-iosep-firmaron-un-convenio-para-el-cuidado-del-medio-ambiente\/\",\"url\":\"https:\/\/mproduccion.datacentersgo.gob.ar\/index.php\/sin-categoria\/el-ministerio-de-produccion-y-el-iosep-firmaron-un-convenio-para-el-cuidado-del-medio-ambiente\/\",\"name\":\"El Ministerio de Producci\u00f3n y el IOSEP firmaron un convenio para el cuidado del medio ambiente - Ministerio de Producci\u00f3n de Santiago del Estero\",\"isPartOf\":{\"@id\":\"https:\/\/mproduccion.datacentersgo.gob.ar\/#website\"},\"primaryImageOfPage\":{\"@id\":\"https:\/\/mproduccion.datacentersgo.gob.ar\/index.php\/sin-categoria\/el-ministerio-de-produccion-y-el-iosep-firmaron-un-convenio-para-el-cuidado-del-medio-ambiente\/#primaryimage\"},\"image\":{\"@id\":\"https:\/\/mproduccion.datacentersgo.gob.ar\/index.php\/sin-categoria\/el-ministerio-de-produccion-y-el-iosep-firmaron-un-convenio-para-el-cuidado-del-medio-ambiente\/#primaryimage\"},\"thumbnailUrl\":\"https:\/\/mproduccion.datacentersgo.gob.ar\/wp-content\/uploads\/2024\/06\/WhatsApp-Image-2024-06-05-at-12.28.51-1-1024x576-1.jpeg\",\"datePublished\":\"2024-06-05T12:50:00+00:00\",\"dateModified\":\"2024-06-13T12:51:07+00:00\",\"breadcrumb\":{\"@id\":\"https:\/\/mproduccion.datacentersgo.gob.ar\/index.php\/sin-categoria\/el-ministerio-de-produccion-y-el-iosep-firmaron-un-convenio-para-el-cuidado-del-medio-ambiente\/#breadcrumb\"},\"inLanguage\":\"es\",\"potentialAction\":[{\"@type\":\"ReadAction\",\"target\":[\"https:\/\/mproduccion.datacentersgo.gob.ar\/index.php\/sin-categoria\/el-ministerio-de-produccion-y-el-iosep-firmaron-un-convenio-para-el-cuidado-del-medio-ambiente\/\"]}]},{\"@type\":\"ImageObject\",\"inLanguage\":\"es\",\"@id\":\"https:\/\/mproduccion.datacentersgo.gob.ar\/index.php\/sin-categoria\/el-ministerio-de-produccion-y-el-iosep-firmaron-un-convenio-para-el-cuidado-del-medio-ambiente\/#primaryimage\",\"url\":\"https:\/\/mproduccion.datacentersgo.gob.ar\/wp-content\/uploads\/2024\/06\/WhatsApp-Image-2024-06-05-at-12.28.51-1-1024x576-1.jpeg\",\"contentUrl\":\"https:\/\/mproduccion.datacentersgo.gob.ar\/wp-content\/uploads\/2024\/06\/WhatsApp-Image-2024-06-05-at-12.28.51-1-1024x576-1.jpeg\",\"width\":1024,\"height\":576},{\"@type\":\"BreadcrumbList\",\"@id\":\"https:\/\/mproduccion.datacentersgo.gob.ar\/index.php\/sin-categoria\/el-ministerio-de-produccion-y-el-iosep-firmaron-un-convenio-para-el-cuidado-del-medio-ambiente\/#breadcrumb\",\"itemListElement\":[{\"@type\":\"ListItem\",\"position\":1,\"name\":\"Portada\",\"item\":\"https:\/\/mproduccion.datacentersgo.gob.ar\/\"},{\"@type\":\"ListItem\",\"position\":2,\"name\":\"El Ministerio de Producci\u00f3n y el IOSEP firmaron un convenio para el cuidado del medio ambiente\"}]},{\"@type\":\"WebSite\",\"@id\":\"https:\/\/mproduccion.datacentersgo.gob.ar\/#website\",\"url\":\"https:\/\/mproduccion.datacentersgo.gob.ar\/\",\"name\":\"Ministerio de Producci\u00f3n de Santiago del Estero\",\"description\":\"\",\"publisher\":{\"@id\":\"https:\/\/mproduccion.datacentersgo.gob.ar\/#organization\"},\"potentialAction\":[{\"@type\":\"SearchAction\",\"target\":{\"@type\":\"EntryPoint\",\"urlTemplate\":\"https:\/\/mproduccion.datacentersgo.gob.ar\/?s={search_term_string}\"},\"query-input\":{\"@type\":\"PropertyValueSpecification\",\"valueRequired\":true,\"valueName\":\"search_term_string\"}}],\"inLanguage\":\"es\"},{\"@type\":\"Organization\",\"@id\":\"https:\/\/mproduccion.datacentersgo.gob.ar\/#organization\",\"name\":\"Ministerio de Producci\u00f3n De Santiago del Estero\",\"url\":\"https:\/\/mproduccion.datacentersgo.gob.ar\/\",\"logo\":{\"@type\":\"ImageObject\",\"inLanguage\":\"es\",\"@id\":\"https:\/\/mproduccion.datacentersgo.gob.ar\/#\/schema\/logo\/image\/\",\"url\":\"https:\/\/mproduccion.datacentersgo.gob.ar\/wp-content\/uploads\/2022\/07\/Ministerio-Produccion-Logo.png\",\"contentUrl\":\"https:\/\/mproduccion.datacentersgo.gob.ar\/wp-content\/uploads\/2022\/07\/Ministerio-Produccion-Logo.png\",\"width\":1000,\"height\":1000,\"caption\":\"Ministerio de Producci\u00f3n De Santiago del Estero\"},\"image\":{\"@id\":\"https:\/\/mproduccion.datacentersgo.gob.ar\/#\/schema\/logo\/image\/\"},\"sameAs\":[\"https:\/\/www.facebook.com\/MProduccion\",\"https:\/\/www.instagram.com\/ministeriodeproduccionsde\/\",\"https:\/\/www.youtube.com\/channel\/UCWZNDXe5X8raCg0SVdIcnjg\"]},{\"@type\":\"Person\",\"@id\":\"https:\/\/mproduccion.datacentersgo.gob.ar\/#\/schema\/person\/4af5beecd98d5d78058395a80dbdb3c6\",\"name\":\"Ministerio de Producci\u00f3n\",\"image\":{\"@type\":\"ImageObject\",\"inLanguage\":\"es\",\"@id\":\"https:\/\/mproduccion.datacentersgo.gob.ar\/#\/schema\/person\/image\/\",\"url\":\"https:\/\/secure.gravatar.com\/avatar\/fff36974328ff2e31baebb43c23b25ff3b41968a321863ed3b5d29b09b931c0f?s=96&d=mm&r=g\",\"contentUrl\":\"https:\/\/secure.gravatar.com\/avatar\/fff36974328ff2e31baebb43c23b25ff3b41968a321863ed3b5d29b09b931c0f?s=96&d=mm&r=g\",\"caption\":\"Ministerio de Producci\u00f3n\"},\"sameAs\":[\"https:\/\/mproduccion.datacentersgo.gob.ar\"],\"url\":\"https:\/\/mproduccion.datacentersgo.gob.ar\/index.php\/author\/mproducc\/\"}]}<\/script>\n<!-- \/ Yoast SEO plugin. -->","yoast_head_json":{"title":"El Ministerio de Producci\u00f3n y el IOSEP firmaron un convenio para el cuidado del medio ambiente - Ministerio de Producci\u00f3n de Santiago del Estero","robots":{"index":"index","follow":"follow","max-snippet":"max-snippet:-1","max-image-preview":"max-image-preview:large","max-video-preview":"max-video-preview:-1"},"canonical":"https:\/\/mproduccion.datacentersgo.gob.ar\/index.php\/sin-categoria\/el-ministerio-de-produccion-y-el-iosep-firmaron-un-convenio-para-el-cuidado-del-medio-ambiente\/","og_locale":"es_ES","og_type":"article","og_title":"El Ministerio de Producci\u00f3n y el IOSEP firmaron un convenio para el cuidado del medio ambiente - Ministerio de Producci\u00f3n de Santiago del Estero","og_description":"En el marco del\u00a0D\u00eda Mundial del Medio Ambiente, este mi\u00e9rcoles se firm\u00f3 un convenio de colaboraci\u00f3n entre el\u00a0Ministerio de Producci\u00f3n, Recursos Naturales, Forestaci\u00f3n, Tierras y Medio Ambiente de Santiago del estero y el Instituto de Obra Social del Empleado Provincial (Iosep). Participaron de este acto el presidente del Iosep, Ra\u00fal Ayuch y en representaci\u00f3n del&nbsp;Ministerio [&hellip;]","og_url":"https:\/\/mproduccion.datacentersgo.gob.ar\/index.php\/sin-categoria\/el-ministerio-de-produccion-y-el-iosep-firmaron-un-convenio-para-el-cuidado-del-medio-ambiente\/","og_site_name":"Ministerio de Producci\u00f3n de Santiago del Estero","article_publisher":"https:\/\/www.facebook.com\/MProduccion","article_published_time":"2024-06-05T12:50:00+00:00","article_modified_time":"2024-06-13T12:51:07+00:00","og_image":[{"width":1024,"height":576,"url":"https:\/\/mproduccion.datacentersgo.gob.ar\/wp-content\/uploads\/2024\/06\/WhatsApp-Image-2024-06-05-at-12.28.51-1-1024x576-1.jpeg","type":"image\/jpeg"}],"author":"Ministerio de Producci\u00f3n","twitter_card":"summary_large_image","twitter_misc":{"Escrito por":"Ministerio de Producci\u00f3n","Tiempo de lectura":"2 minutos"},"schema":{"@context":"https:\/\/schema.org","@graph":[{"@type":"Article","@id":"https:\/\/mproduccion.datacentersgo.gob.ar\/index.php\/sin-categoria\/el-ministerio-de-produccion-y-el-iosep-firmaron-un-convenio-para-el-cuidado-del-medio-ambiente\/#article","isPartOf":{"@id":"https:\/\/mproduccion.datacentersgo.gob.ar\/index.php\/sin-categoria\/el-ministerio-de-produccion-y-el-iosep-firmaron-un-convenio-para-el-cuidado-del-medio-ambiente\/"},"author":{"name":"Ministerio de Producci\u00f3n","@id":"https:\/\/mproduccion.datacentersgo.gob.ar\/#\/schema\/person\/4af5beecd98d5d78058395a80dbdb3c6"},"headline":"El Ministerio de Producci\u00f3n y el IOSEP firmaron un convenio para el cuidado del medio ambiente","datePublished":"2024-06-05T12:50:00+00:00","dateModified":"2024-06-13T12:51:07+00:00","mainEntityOfPage":{"@id":"https:\/\/mproduccion.datacentersgo.gob.ar\/index.php\/sin-categoria\/el-ministerio-de-produccion-y-el-iosep-firmaron-un-convenio-para-el-cuidado-del-medio-ambiente\/"},"wordCount":323,"commentCount":0,"publisher":{"@id":"https:\/\/mproduccion.datacentersgo.gob.ar\/#organization"},"image":{"@id":"https:\/\/mproduccion.datacentersgo.gob.ar\/index.php\/sin-categoria\/el-ministerio-de-produccion-y-el-iosep-firmaron-un-convenio-para-el-cuidado-del-medio-ambiente\/#primaryimage"},"thumbnailUrl":"https:\/\/mproduccion.datacentersgo.gob.ar\/wp-content\/uploads\/2024\/06\/WhatsApp-Image-2024-06-05-at-12.28.51-1-1024x576-1.jpeg","inLanguage":"es","potentialAction":[{"@type":"CommentAction","name":"Comment","target":["https:\/\/mproduccion.datacentersgo.gob.ar\/index.php\/sin-categoria\/el-ministerio-de-produccion-y-el-iosep-firmaron-un-convenio-para-el-cuidado-del-medio-ambiente\/#respond"]}]},{"@type":"WebPage","@id":"https:\/\/mproduccion.datacentersgo.gob.ar\/index.php\/sin-categoria\/el-ministerio-de-produccion-y-el-iosep-firmaron-un-convenio-para-el-cuidado-del-medio-ambiente\/","url":"https:\/\/mproduccion.datacentersgo.gob.ar\/index.php\/sin-categoria\/el-ministerio-de-produccion-y-el-iosep-firmaron-un-convenio-para-el-cuidado-del-medio-ambiente\/","name":"El Ministerio de Producci\u00f3n y el IOSEP firmaron un convenio para el cuidado del medio ambiente - Ministerio de Producci\u00f3n de Santiago del Estero","isPartOf":{"@id":"https:\/\/mproduccion.datacentersgo.gob.ar\/#website"},"primaryImageOfPage":{"@id":"https:\/\/mproduccion.datacentersgo.gob.ar\/index.php\/sin-categoria\/el-ministerio-de-produccion-y-el-iosep-firmaron-un-convenio-para-el-cuidado-del-medio-ambiente\/#primaryimage"},"image":{"@id":"https:\/\/mproduccion.datacentersgo.gob.ar\/index.php\/sin-categoria\/el-ministerio-de-produccion-y-el-iosep-firmaron-un-convenio-para-el-cuidado-del-medio-ambiente\/#primaryimage"},"thumbnailUrl":"https:\/\/mproduccion.datacentersgo.gob.ar\/wp-content\/uploads\/2024\/06\/WhatsApp-Image-2024-06-05-at-12.28.51-1-1024x576-1.jpeg","datePublished":"2024-06-05T12:50:00+00:00","dateModified":"2024-06-13T12:51:07+00:00","breadcrumb":{"@id":"https:\/\/mproduccion.datacentersgo.gob.ar\/index.php\/sin-categoria\/el-ministerio-de-produccion-y-el-iosep-firmaron-un-convenio-para-el-cuidado-del-medio-ambiente\/#breadcrumb"},"inLanguage":"es","potentialAction":[{"@type":"ReadAction","target":["https:\/\/mproduccion.datacentersgo.gob.ar\/index.php\/sin-categoria\/el-ministerio-de-produccion-y-el-iosep-firmaron-un-convenio-para-el-cuidado-del-medio-ambiente\/"]}]},{"@type":"ImageObject","inLanguage":"es","@id":"https:\/\/mproduccion.datacentersgo.gob.ar\/index.php\/sin-categoria\/el-ministerio-de-produccion-y-el-iosep-firmaron-un-convenio-para-el-cuidado-del-medio-ambiente\/#primaryimage","url":"https:\/\/mproduccion.datacentersgo.gob.ar\/wp-content\/uploads\/2024\/06\/WhatsApp-Image-2024-06-05-at-12.28.51-1-1024x576-1.jpeg","contentUrl":"https:\/\/mproduccion.datacentersgo.gob.ar\/wp-content\/uploads\/2024\/06\/WhatsApp-Image-2024-06-05-at-12.28.51-1-1024x576-1.jpeg","width":1024,"height":576},{"@type":"BreadcrumbList","@id":"https:\/\/mproduccion.datacentersgo.gob.ar\/index.php\/sin-categoria\/el-ministerio-de-produccion-y-el-iosep-firmaron-un-convenio-para-el-cuidado-del-medio-ambiente\/#breadcrumb","itemListElement":[{"@type":"ListItem","position":1,"name":"Portada","item":"https:\/\/mproduccion.datacentersgo.gob.ar\/"},{"@type":"ListItem","position":2,"name":"El Ministerio de Producci\u00f3n y el IOSEP firmaron un convenio para el cuidado del medio ambiente"}]},{"@type":"WebSite","@id":"https:\/\/mproduccion.datacentersgo.gob.ar\/#website","url":"https:\/\/mproduccion.datacentersgo.gob.ar\/","name":"Ministerio de Producci\u00f3n de Santiago del Estero","description":"","publisher":{"@id":"https:\/\/mproduccion.datacentersgo.gob.ar\/#organization"},"potentialAction":[{"@type":"SearchAction","target":{"@type":"EntryPoint","urlTemplate":"https:\/\/mproduccion.datacentersgo.gob.ar\/?s={search_term_string}"},"query-input":{"@type":"PropertyValueSpecification","valueRequired":true,"valueName":"search_term_string"}}],"inLanguage":"es"},{"@type":"Organization","@id":"https:\/\/mproduccion.datacentersgo.gob.ar\/#organization","name":"Ministerio de Producci\u00f3n De Santiago del Estero","url":"https:\/\/mproduccion.datacentersgo.gob.ar\/","logo":{"@type":"ImageObject","inLanguage":"es","@id":"https:\/\/mproduccion.datacentersgo.gob.ar\/#\/schema\/logo\/image\/","url":"https:\/\/mproduccion.datacentersgo.gob.ar\/wp-content\/uploads\/2022\/07\/Ministerio-Produccion-Logo.png","contentUrl":"https:\/\/mproduccion.datacentersgo.gob.ar\/wp-content\/uploads\/2022\/07\/Ministerio-Produccion-Logo.png","width":1000,"height":1000,"caption":"Ministerio de Producci\u00f3n De Santiago del Estero"},"image":{"@id":"https:\/\/mproduccion.datacentersgo.gob.ar\/#\/schema\/logo\/image\/"},"sameAs":["https:\/\/www.facebook.com\/MProduccion","https:\/\/www.instagram.com\/ministeriodeproduccionsde\/","https:\/\/www.youtube.com\/channel\/UCWZNDXe5X8raCg0SVdIcnjg"]},{"@type":"Person","@id":"https:\/\/mproduccion.datacentersgo.gob.ar\/#\/schema\/person\/4af5beecd98d5d78058395a80dbdb3c6","name":"Ministerio de Producci\u00f3n","image":{"@type":"ImageObject","inLanguage":"es","@id":"https:\/\/mproduccion.datacentersgo.gob.ar\/#\/schema\/person\/image\/","url":"https:\/\/secure.gravatar.com\/avatar\/fff36974328ff2e31baebb43c23b25ff3b41968a321863ed3b5d29b09b931c0f?s=96&d=mm&r=g","contentUrl":"https:\/\/secure.gravatar.com\/avatar\/fff36974328ff2e31baebb43c23b25ff3b41968a321863ed3b5d29b09b931c0f?s=96&d=mm&r=g","caption":"Ministerio de Producci\u00f3n"},"sameAs":["https:\/\/mproduccion.datacentersgo.gob.ar"],"url":"https:\/\/mproduccion.datacentersgo.gob.ar\/index.php\/author\/mproducc\/"}]}},"_links":{"self":[{"href":"https:\/\/mproduccion.datacentersgo.gob.ar\/index.php\/wp-json\/wp\/v2\/posts\/642","targetHints":{"allow":["GET"]}}],"collection":[{"href":"https:\/\/mproduccion.datacentersgo.gob.ar\/index.php\/wp-json\/wp\/v2\/posts"}],"about":[{"href":"https:\/\/mproduccion.datacentersgo.gob.ar\/index.php\/wp-json\/wp\/v2\/types\/post"}],"author":[{"embeddable":true,"href":"https:\/\/mproduccion.datacentersgo.gob.ar\/index.php\/wp-json\/wp\/v2\/users\/1"}],"replies":[{"embeddable":true,"href":"https:\/\/mproduccion.datacentersgo.gob.ar\/index.php\/wp-json\/wp\/v2\/comments?post=642"}],"version-history":[{"count":1,"href":"https:\/\/mproduccion.datacentersgo.gob.ar\/index.php\/wp-json\/wp\/v2\/posts\/642\/revisions"}],"predecessor-version":[{"id":644,"href":"https:\/\/mproduccion.datacentersgo.gob.ar\/index.php\/wp-json\/wp\/v2\/posts\/642\/revisions\/644"}],"wp:featuredmedia":[{"embeddable":true,"href":"https:\/\/mproduccion.datacentersgo.gob.ar\/index.php\/wp-json\/wp\/v2\/media\/643"}],"wp:attachment":[{"href":"https:\/\/mproduccion.datacentersgo.gob.ar\/index.php\/wp-json\/wp\/v2\/media?parent=642"}],"wp:term":[{"taxonomy":"category","embeddable":true,"href":"https:\/\/mproduccion.datacentersgo.gob.ar\/index.php\/wp-json\/wp\/v2\/categories?post=642"},{"taxonomy":"post_tag","embeddable":true,"href":"https:\/\/mproduccion.datacentersgo.gob.ar\/index.php\/wp-json\/wp\/v2\/tags?post=642"}],"curies":[{"name":"wp","href":"https:\/\/api.w.org\/{rel}","templated":true}]}}