{"id":353,"date":"2023-08-14T15:24:44","date_gmt":"2023-08-14T15:24:44","guid":{"rendered":"https:\/\/mproduccion.datacentersgo.gob.ar\/?p=353"},"modified":"2023-08-14T15:24:45","modified_gmt":"2023-08-14T15:24:45","slug":"el-ministerio-de-produccion-mantuvo-una-reunion-para-desarrollar-politicas-ambientales","status":"publish","type":"post","link":"https:\/\/mproduccion.datacentersgo.gob.ar\/index.php\/sin-categoria\/el-ministerio-de-produccion-mantuvo-una-reunion-para-desarrollar-politicas-ambientales\/","title":{"rendered":"El Ministerio de Producci\u00f3n mantuvo una reuni\u00f3n para desarrollar pol\u00edticas ambientales"},"content":{"rendered":"\n<p>El<strong>&nbsp;ministro de Producci\u00f3n, Recursos Naturales, Forestaci\u00f3n, Tierras y Medio Ambiente, junto a la directora de Bosques Dra. Noelia Zanichelli<\/strong>, se reunieron con funcionarios de la reconocida&nbsp;<strong>firma Toyota, Gerente General C.P.N Ricardo Dalale, Tadashi Matsuma, y Germ\u00e1n Friedrich para presentar un emocionante acuerdo.<\/strong><\/p>\n\n\n\n<p>Bajo el lema<strong>&nbsp;\u201cQuien planta un \u00e1rbol, planta una esperanza\u201d<\/strong>, se reafirm\u00f3 el&nbsp;<strong>compromiso con el futuro del planeta y la lucha contra el cambio clim\u00e1tico.<\/strong><\/p>\n\n\n\n<p>Esta colaboraci\u00f3n entre lo p\u00fablico y privado demuestr<strong>a c\u00f3mo se puede marcar la diferencia en el cuidado del medio ambiente.<\/strong><\/p>\n\n\n\n<p><strong>Por cada veh\u00edculo 0 km, se entregar\u00e1 un plant\u00edn de \u00e1rbol<\/strong>.<\/p>\n\n\n\n<p>Para profundizar este compromiso social, la visita&nbsp;<strong>continu\u00f3 en el centro comunitario vecinal \u201cDaniel Herrero\u201d<\/strong>, donde se llevan a cabo<strong>&nbsp;talleres gratuitos para adultos y j\u00f3venes, fortaleciendo el conocimiento y la conciencia ambiental.<\/strong><\/p>\n","protected":false},"excerpt":{"rendered":"<p>El&nbsp;ministro de Producci\u00f3n, Recursos Naturales, Forestaci\u00f3n, Tierras y Medio Ambiente, junto a la directora de Bosques Dra. Noelia Zanichelli, se reunieron con funcionarios de la reconocida&nbsp;firma Toyota, Gerente General C.P.N Ricardo Dalale, Tadashi Matsuma, y Germ\u00e1n Friedrich para presentar un emocionante acuerdo. Bajo el lema&nbsp;\u201cQuien planta un \u00e1rbol, planta una esperanza\u201d, se reafirm\u00f3 el&nbsp;compromiso con [&hellip;]<\/p>\n","protected":false},"author":1,"featured_media":354,"comment_status":"open","ping_status":"open","sticky":false,"template":"","format":"standard","meta":{"_acf_changed":false,"footnotes":""},"categories":[1],"tags":[],"class_list":["post-353","post","type-post","status-publish","format-standard","has-post-thumbnail","hentry","category-sin-categoria"],"acf":[],"yoast_head":"<!-- This site is optimized with the Yoast SEO plugin v26.4 - https:\/\/yoast.com\/wordpress\/plugins\/seo\/ -->\n<title>El Ministerio de Producci\u00f3n mantuvo una reuni\u00f3n para desarrollar pol\u00edticas ambientales - Ministerio de Producci\u00f3n de Santiago del Estero<\/title>\n<meta name=\"robots\" content=\"index, follow, max-snippet:-1, max-image-preview:large, max-video-preview:-1\" \/>\n<link rel=\"canonical\" href=\"https:\/\/mproduccion.datacentersgo.gob.ar\/index.php\/sin-categoria\/el-ministerio-de-produccion-mantuvo-una-reunion-para-desarrollar-politicas-ambientales\/\" \/>\n<meta property=\"og:locale\" content=\"es_ES\" \/>\n<meta property=\"og:type\" content=\"article\" \/>\n<meta property=\"og:title\" content=\"El Ministerio de Producci\u00f3n mantuvo una reuni\u00f3n para desarrollar pol\u00edticas ambientales - Ministerio de Producci\u00f3n de Santiago del Estero\" \/>\n<meta property=\"og:description\" content=\"El&nbsp;ministro de Producci\u00f3n, Recursos Naturales, Forestaci\u00f3n, Tierras y Medio Ambiente, junto a la directora de Bosques Dra. Noelia Zanichelli, se reunieron con funcionarios de la reconocida&nbsp;firma Toyota, Gerente General C.P.N Ricardo Dalale, Tadashi Matsuma, y Germ\u00e1n Friedrich para presentar un emocionante acuerdo. Bajo el lema&nbsp;\u201cQuien planta un \u00e1rbol, planta una esperanza\u201d, se reafirm\u00f3 el&nbsp;compromiso con [&hellip;]\" \/>\n<meta property=\"og:url\" content=\"https:\/\/mproduccion.datacentersgo.gob.ar\/index.php\/sin-categoria\/el-ministerio-de-produccion-mantuvo-una-reunion-para-desarrollar-politicas-ambientales\/\" \/>\n<meta property=\"og:site_name\" content=\"Ministerio de Producci\u00f3n de Santiago del Estero\" \/>\n<meta property=\"article:publisher\" content=\"https:\/\/www.facebook.com\/MProduccion\" \/>\n<meta property=\"article:published_time\" content=\"2023-08-14T15:24:44+00:00\" \/>\n<meta property=\"article:modified_time\" content=\"2023-08-14T15:24:45+00:00\" \/>\n<meta property=\"og:image\" content=\"https:\/\/mproduccion.datacentersgo.gob.ar\/wp-content\/uploads\/2023\/08\/363358118_651425153684903_5262927630544357315_n.jpg\" \/>\n\t<meta property=\"og:image:width\" content=\"1422\" \/>\n\t<meta property=\"og:image:height\" content=\"800\" \/>\n\t<meta property=\"og:image:type\" content=\"image\/jpeg\" \/>\n<meta name=\"author\" content=\"Ministerio de Producci\u00f3n\" \/>\n<meta name=\"twitter:card\" content=\"summary_large_image\" \/>\n<meta name=\"twitter:label1\" content=\"Escrito por\" \/>\n\t<meta name=\"twitter:data1\" content=\"Ministerio de Producci\u00f3n\" \/>\n\t<meta name=\"twitter:label2\" content=\"Tiempo de lectura\" \/>\n\t<meta name=\"twitter:data2\" content=\"1 minuto\" \/>\n<script type=\"application\/ld+json\" class=\"yoast-schema-graph\">{\"@context\":\"https:\/\/schema.org\",\"@graph\":[{\"@type\":\"Article\",\"@id\":\"https:\/\/mproduccion.datacentersgo.gob.ar\/index.php\/sin-categoria\/el-ministerio-de-produccion-mantuvo-una-reunion-para-desarrollar-politicas-ambientales\/#article\",\"isPartOf\":{\"@id\":\"https:\/\/mproduccion.datacentersgo.gob.ar\/index.php\/sin-categoria\/el-ministerio-de-produccion-mantuvo-una-reunion-para-desarrollar-politicas-ambientales\/\"},\"author\":{\"name\":\"Ministerio de Producci\u00f3n\",\"@id\":\"https:\/\/mproduccion.datacentersgo.gob.ar\/#\/schema\/person\/4af5beecd98d5d78058395a80dbdb3c6\"},\"headline\":\"El Ministerio de Producci\u00f3n mantuvo una reuni\u00f3n para desarrollar pol\u00edticas ambientales\",\"datePublished\":\"2023-08-14T15:24:44+00:00\",\"dateModified\":\"2023-08-14T15:24:45+00:00\",\"mainEntityOfPage\":{\"@id\":\"https:\/\/mproduccion.datacentersgo.gob.ar\/index.php\/sin-categoria\/el-ministerio-de-produccion-mantuvo-una-reunion-para-desarrollar-politicas-ambientales\/\"},\"wordCount\":165,\"commentCount\":0,\"publisher\":{\"@id\":\"https:\/\/mproduccion.datacentersgo.gob.ar\/#organization\"},\"image\":{\"@id\":\"https:\/\/mproduccion.datacentersgo.gob.ar\/index.php\/sin-categoria\/el-ministerio-de-produccion-mantuvo-una-reunion-para-desarrollar-politicas-ambientales\/#primaryimage\"},\"thumbnailUrl\":\"https:\/\/mproduccion.datacentersgo.gob.ar\/wp-content\/uploads\/2023\/08\/363358118_651425153684903_5262927630544357315_n.jpg\",\"inLanguage\":\"es\",\"potentialAction\":[{\"@type\":\"CommentAction\",\"name\":\"Comment\",\"target\":[\"https:\/\/mproduccion.datacentersgo.gob.ar\/index.php\/sin-categoria\/el-ministerio-de-produccion-mantuvo-una-reunion-para-desarrollar-politicas-ambientales\/#respond\"]}]},{\"@type\":\"WebPage\",\"@id\":\"https:\/\/mproduccion.datacentersgo.gob.ar\/index.php\/sin-categoria\/el-ministerio-de-produccion-mantuvo-una-reunion-para-desarrollar-politicas-ambientales\/\",\"url\":\"https:\/\/mproduccion.datacentersgo.gob.ar\/index.php\/sin-categoria\/el-ministerio-de-produccion-mantuvo-una-reunion-para-desarrollar-politicas-ambientales\/\",\"name\":\"El Ministerio de Producci\u00f3n mantuvo una reuni\u00f3n para desarrollar pol\u00edticas ambientales - Ministerio de Producci\u00f3n de Santiago del Estero\",\"isPartOf\":{\"@id\":\"https:\/\/mproduccion.datacentersgo.gob.ar\/#website\"},\"primaryImageOfPage\":{\"@id\":\"https:\/\/mproduccion.datacentersgo.gob.ar\/index.php\/sin-categoria\/el-ministerio-de-produccion-mantuvo-una-reunion-para-desarrollar-politicas-ambientales\/#primaryimage\"},\"image\":{\"@id\":\"https:\/\/mproduccion.datacentersgo.gob.ar\/index.php\/sin-categoria\/el-ministerio-de-produccion-mantuvo-una-reunion-para-desarrollar-politicas-ambientales\/#primaryimage\"},\"thumbnailUrl\":\"https:\/\/mproduccion.datacentersgo.gob.ar\/wp-content\/uploads\/2023\/08\/363358118_651425153684903_5262927630544357315_n.jpg\",\"datePublished\":\"2023-08-14T15:24:44+00:00\",\"dateModified\":\"2023-08-14T15:24:45+00:00\",\"breadcrumb\":{\"@id\":\"https:\/\/mproduccion.datacentersgo.gob.ar\/index.php\/sin-categoria\/el-ministerio-de-produccion-mantuvo-una-reunion-para-desarrollar-politicas-ambientales\/#breadcrumb\"},\"inLanguage\":\"es\",\"potentialAction\":[{\"@type\":\"ReadAction\",\"target\":[\"https:\/\/mproduccion.datacentersgo.gob.ar\/index.php\/sin-categoria\/el-ministerio-de-produccion-mantuvo-una-reunion-para-desarrollar-politicas-ambientales\/\"]}]},{\"@type\":\"ImageObject\",\"inLanguage\":\"es\",\"@id\":\"https:\/\/mproduccion.datacentersgo.gob.ar\/index.php\/sin-categoria\/el-ministerio-de-produccion-mantuvo-una-reunion-para-desarrollar-politicas-ambientales\/#primaryimage\",\"url\":\"https:\/\/mproduccion.datacentersgo.gob.ar\/wp-content\/uploads\/2023\/08\/363358118_651425153684903_5262927630544357315_n.jpg\",\"contentUrl\":\"https:\/\/mproduccion.datacentersgo.gob.ar\/wp-content\/uploads\/2023\/08\/363358118_651425153684903_5262927630544357315_n.jpg\",\"width\":1422,\"height\":800},{\"@type\":\"BreadcrumbList\",\"@id\":\"https:\/\/mproduccion.datacentersgo.gob.ar\/index.php\/sin-categoria\/el-ministerio-de-produccion-mantuvo-una-reunion-para-desarrollar-politicas-ambientales\/#breadcrumb\",\"itemListElement\":[{\"@type\":\"ListItem\",\"position\":1,\"name\":\"Portada\",\"item\":\"https:\/\/mproduccion.datacentersgo.gob.ar\/\"},{\"@type\":\"ListItem\",\"position\":2,\"name\":\"El Ministerio de Producci\u00f3n mantuvo una reuni\u00f3n para desarrollar pol\u00edticas ambientales\"}]},{\"@type\":\"WebSite\",\"@id\":\"https:\/\/mproduccion.datacentersgo.gob.ar\/#website\",\"url\":\"https:\/\/mproduccion.datacentersgo.gob.ar\/\",\"name\":\"Ministerio de Producci\u00f3n de Santiago del Estero\",\"description\":\"\",\"publisher\":{\"@id\":\"https:\/\/mproduccion.datacentersgo.gob.ar\/#organization\"},\"potentialAction\":[{\"@type\":\"SearchAction\",\"target\":{\"@type\":\"EntryPoint\",\"urlTemplate\":\"https:\/\/mproduccion.datacentersgo.gob.ar\/?s={search_term_string}\"},\"query-input\":{\"@type\":\"PropertyValueSpecification\",\"valueRequired\":true,\"valueName\":\"search_term_string\"}}],\"inLanguage\":\"es\"},{\"@type\":\"Organization\",\"@id\":\"https:\/\/mproduccion.datacentersgo.gob.ar\/#organization\",\"name\":\"Ministerio de Producci\u00f3n De Santiago del Estero\",\"url\":\"https:\/\/mproduccion.datacentersgo.gob.ar\/\",\"logo\":{\"@type\":\"ImageObject\",\"inLanguage\":\"es\",\"@id\":\"https:\/\/mproduccion.datacentersgo.gob.ar\/#\/schema\/logo\/image\/\",\"url\":\"https:\/\/mproduccion.datacentersgo.gob.ar\/wp-content\/uploads\/2022\/07\/Ministerio-Produccion-Logo.png\",\"contentUrl\":\"https:\/\/mproduccion.datacentersgo.gob.ar\/wp-content\/uploads\/2022\/07\/Ministerio-Produccion-Logo.png\",\"width\":1000,\"height\":1000,\"caption\":\"Ministerio de Producci\u00f3n De Santiago del Estero\"},\"image\":{\"@id\":\"https:\/\/mproduccion.datacentersgo.gob.ar\/#\/schema\/logo\/image\/\"},\"sameAs\":[\"https:\/\/www.facebook.com\/MProduccion\",\"https:\/\/www.instagram.com\/ministeriodeproduccionsde\/\",\"https:\/\/www.youtube.com\/channel\/UCWZNDXe5X8raCg0SVdIcnjg\"]},{\"@type\":\"Person\",\"@id\":\"https:\/\/mproduccion.datacentersgo.gob.ar\/#\/schema\/person\/4af5beecd98d5d78058395a80dbdb3c6\",\"name\":\"Ministerio de Producci\u00f3n\",\"image\":{\"@type\":\"ImageObject\",\"inLanguage\":\"es\",\"@id\":\"https:\/\/mproduccion.datacentersgo.gob.ar\/#\/schema\/person\/image\/\",\"url\":\"https:\/\/secure.gravatar.com\/avatar\/fff36974328ff2e31baebb43c23b25ff3b41968a321863ed3b5d29b09b931c0f?s=96&d=mm&r=g\",\"contentUrl\":\"https:\/\/secure.gravatar.com\/avatar\/fff36974328ff2e31baebb43c23b25ff3b41968a321863ed3b5d29b09b931c0f?s=96&d=mm&r=g\",\"caption\":\"Ministerio de Producci\u00f3n\"},\"sameAs\":[\"https:\/\/mproduccion.datacentersgo.gob.ar\"],\"url\":\"https:\/\/mproduccion.datacentersgo.gob.ar\/index.php\/author\/mproducc\/\"}]}<\/script>\n<!-- \/ Yoast SEO plugin. -->","yoast_head_json":{"title":"El Ministerio de Producci\u00f3n mantuvo una reuni\u00f3n para desarrollar pol\u00edticas ambientales - Ministerio de Producci\u00f3n de Santiago del Estero","robots":{"index":"index","follow":"follow","max-snippet":"max-snippet:-1","max-image-preview":"max-image-preview:large","max-video-preview":"max-video-preview:-1"},"canonical":"https:\/\/mproduccion.datacentersgo.gob.ar\/index.php\/sin-categoria\/el-ministerio-de-produccion-mantuvo-una-reunion-para-desarrollar-politicas-ambientales\/","og_locale":"es_ES","og_type":"article","og_title":"El Ministerio de Producci\u00f3n mantuvo una reuni\u00f3n para desarrollar pol\u00edticas ambientales - Ministerio de Producci\u00f3n de Santiago del Estero","og_description":"El&nbsp;ministro de Producci\u00f3n, Recursos Naturales, Forestaci\u00f3n, Tierras y Medio Ambiente, junto a la directora de Bosques Dra. Noelia Zanichelli, se reunieron con funcionarios de la reconocida&nbsp;firma Toyota, Gerente General C.P.N Ricardo Dalale, Tadashi Matsuma, y Germ\u00e1n Friedrich para presentar un emocionante acuerdo. Bajo el lema&nbsp;\u201cQuien planta un \u00e1rbol, planta una esperanza\u201d, se reafirm\u00f3 el&nbsp;compromiso con [&hellip;]","og_url":"https:\/\/mproduccion.datacentersgo.gob.ar\/index.php\/sin-categoria\/el-ministerio-de-produccion-mantuvo-una-reunion-para-desarrollar-politicas-ambientales\/","og_site_name":"Ministerio de Producci\u00f3n de Santiago del Estero","article_publisher":"https:\/\/www.facebook.com\/MProduccion","article_published_time":"2023-08-14T15:24:44+00:00","article_modified_time":"2023-08-14T15:24:45+00:00","og_image":[{"width":1422,"height":800,"url":"https:\/\/mproduccion.datacentersgo.gob.ar\/wp-content\/uploads\/2023\/08\/363358118_651425153684903_5262927630544357315_n.jpg","type":"image\/jpeg"}],"author":"Ministerio de Producci\u00f3n","twitter_card":"summary_large_image","twitter_misc":{"Escrito por":"Ministerio de Producci\u00f3n","Tiempo de lectura":"1 minuto"},"schema":{"@context":"https:\/\/schema.org","@graph":[{"@type":"Article","@id":"https:\/\/mproduccion.datacentersgo.gob.ar\/index.php\/sin-categoria\/el-ministerio-de-produccion-mantuvo-una-reunion-para-desarrollar-politicas-ambientales\/#article","isPartOf":{"@id":"https:\/\/mproduccion.datacentersgo.gob.ar\/index.php\/sin-categoria\/el-ministerio-de-produccion-mantuvo-una-reunion-para-desarrollar-politicas-ambientales\/"},"author":{"name":"Ministerio de Producci\u00f3n","@id":"https:\/\/mproduccion.datacentersgo.gob.ar\/#\/schema\/person\/4af5beecd98d5d78058395a80dbdb3c6"},"headline":"El Ministerio de Producci\u00f3n mantuvo una reuni\u00f3n para desarrollar pol\u00edticas ambientales","datePublished":"2023-08-14T15:24:44+00:00","dateModified":"2023-08-14T15:24:45+00:00","mainEntityOfPage":{"@id":"https:\/\/mproduccion.datacentersgo.gob.ar\/index.php\/sin-categoria\/el-ministerio-de-produccion-mantuvo-una-reunion-para-desarrollar-politicas-ambientales\/"},"wordCount":165,"commentCount":0,"publisher":{"@id":"https:\/\/mproduccion.datacentersgo.gob.ar\/#organization"},"image":{"@id":"https:\/\/mproduccion.datacentersgo.gob.ar\/index.php\/sin-categoria\/el-ministerio-de-produccion-mantuvo-una-reunion-para-desarrollar-politicas-ambientales\/#primaryimage"},"thumbnailUrl":"https:\/\/mproduccion.datacentersgo.gob.ar\/wp-content\/uploads\/2023\/08\/363358118_651425153684903_5262927630544357315_n.jpg","inLanguage":"es","potentialAction":[{"@type":"CommentAction","name":"Comment","target":["https:\/\/mproduccion.datacentersgo.gob.ar\/index.php\/sin-categoria\/el-ministerio-de-produccion-mantuvo-una-reunion-para-desarrollar-politicas-ambientales\/#respond"]}]},{"@type":"WebPage","@id":"https:\/\/mproduccion.datacentersgo.gob.ar\/index.php\/sin-categoria\/el-ministerio-de-produccion-mantuvo-una-reunion-para-desarrollar-politicas-ambientales\/","url":"https:\/\/mproduccion.datacentersgo.gob.ar\/index.php\/sin-categoria\/el-ministerio-de-produccion-mantuvo-una-reunion-para-desarrollar-politicas-ambientales\/","name":"El Ministerio de Producci\u00f3n mantuvo una reuni\u00f3n para desarrollar pol\u00edticas ambientales - Ministerio de Producci\u00f3n de Santiago del Estero","isPartOf":{"@id":"https:\/\/mproduccion.datacentersgo.gob.ar\/#website"},"primaryImageOfPage":{"@id":"https:\/\/mproduccion.datacentersgo.gob.ar\/index.php\/sin-categoria\/el-ministerio-de-produccion-mantuvo-una-reunion-para-desarrollar-politicas-ambientales\/#primaryimage"},"image":{"@id":"https:\/\/mproduccion.datacentersgo.gob.ar\/index.php\/sin-categoria\/el-ministerio-de-produccion-mantuvo-una-reunion-para-desarrollar-politicas-ambientales\/#primaryimage"},"thumbnailUrl":"https:\/\/mproduccion.datacentersgo.gob.ar\/wp-content\/uploads\/2023\/08\/363358118_651425153684903_5262927630544357315_n.jpg","datePublished":"2023-08-14T15:24:44+00:00","dateModified":"2023-08-14T15:24:45+00:00","breadcrumb":{"@id":"https:\/\/mproduccion.datacentersgo.gob.ar\/index.php\/sin-categoria\/el-ministerio-de-produccion-mantuvo-una-reunion-para-desarrollar-politicas-ambientales\/#breadcrumb"},"inLanguage":"es","potentialAction":[{"@type":"ReadAction","target":["https:\/\/mproduccion.datacentersgo.gob.ar\/index.php\/sin-categoria\/el-ministerio-de-produccion-mantuvo-una-reunion-para-desarrollar-politicas-ambientales\/"]}]},{"@type":"ImageObject","inLanguage":"es","@id":"https:\/\/mproduccion.datacentersgo.gob.ar\/index.php\/sin-categoria\/el-ministerio-de-produccion-mantuvo-una-reunion-para-desarrollar-politicas-ambientales\/#primaryimage","url":"https:\/\/mproduccion.datacentersgo.gob.ar\/wp-content\/uploads\/2023\/08\/363358118_651425153684903_5262927630544357315_n.jpg","contentUrl":"https:\/\/mproduccion.datacentersgo.gob.ar\/wp-content\/uploads\/2023\/08\/363358118_651425153684903_5262927630544357315_n.jpg","width":1422,"height":800},{"@type":"BreadcrumbList","@id":"https:\/\/mproduccion.datacentersgo.gob.ar\/index.php\/sin-categoria\/el-ministerio-de-produccion-mantuvo-una-reunion-para-desarrollar-politicas-ambientales\/#breadcrumb","itemListElement":[{"@type":"ListItem","position":1,"name":"Portada","item":"https:\/\/mproduccion.datacentersgo.gob.ar\/"},{"@type":"ListItem","position":2,"name":"El Ministerio de Producci\u00f3n mantuvo una reuni\u00f3n para desarrollar pol\u00edticas ambientales"}]},{"@type":"WebSite","@id":"https:\/\/mproduccion.datacentersgo.gob.ar\/#website","url":"https:\/\/mproduccion.datacentersgo.gob.ar\/","name":"Ministerio de Producci\u00f3n de Santiago del Estero","description":"","publisher":{"@id":"https:\/\/mproduccion.datacentersgo.gob.ar\/#organization"},"potentialAction":[{"@type":"SearchAction","target":{"@type":"EntryPoint","urlTemplate":"https:\/\/mproduccion.datacentersgo.gob.ar\/?s={search_term_string}"},"query-input":{"@type":"PropertyValueSpecification","valueRequired":true,"valueName":"search_term_string"}}],"inLanguage":"es"},{"@type":"Organization","@id":"https:\/\/mproduccion.datacentersgo.gob.ar\/#organization","name":"Ministerio de Producci\u00f3n De Santiago del Estero","url":"https:\/\/mproduccion.datacentersgo.gob.ar\/","logo":{"@type":"ImageObject","inLanguage":"es","@id":"https:\/\/mproduccion.datacentersgo.gob.ar\/#\/schema\/logo\/image\/","url":"https:\/\/mproduccion.datacentersgo.gob.ar\/wp-content\/uploads\/2022\/07\/Ministerio-Produccion-Logo.png","contentUrl":"https:\/\/mproduccion.datacentersgo.gob.ar\/wp-content\/uploads\/2022\/07\/Ministerio-Produccion-Logo.png","width":1000,"height":1000,"caption":"Ministerio de Producci\u00f3n De Santiago del Estero"},"image":{"@id":"https:\/\/mproduccion.datacentersgo.gob.ar\/#\/schema\/logo\/image\/"},"sameAs":["https:\/\/www.facebook.com\/MProduccion","https:\/\/www.instagram.com\/ministeriodeproduccionsde\/","https:\/\/www.youtube.com\/channel\/UCWZNDXe5X8raCg0SVdIcnjg"]},{"@type":"Person","@id":"https:\/\/mproduccion.datacentersgo.gob.ar\/#\/schema\/person\/4af5beecd98d5d78058395a80dbdb3c6","name":"Ministerio de Producci\u00f3n","image":{"@type":"ImageObject","inLanguage":"es","@id":"https:\/\/mproduccion.datacentersgo.gob.ar\/#\/schema\/person\/image\/","url":"https:\/\/secure.gravatar.com\/avatar\/fff36974328ff2e31baebb43c23b25ff3b41968a321863ed3b5d29b09b931c0f?s=96&d=mm&r=g","contentUrl":"https:\/\/secure.gravatar.com\/avatar\/fff36974328ff2e31baebb43c23b25ff3b41968a321863ed3b5d29b09b931c0f?s=96&d=mm&r=g","caption":"Ministerio de Producci\u00f3n"},"sameAs":["https:\/\/mproduccion.datacentersgo.gob.ar"],"url":"https:\/\/mproduccion.datacentersgo.gob.ar\/index.php\/author\/mproducc\/"}]}},"_links":{"self":[{"href":"https:\/\/mproduccion.datacentersgo.gob.ar\/index.php\/wp-json\/wp\/v2\/posts\/353","targetHints":{"allow":["GET"]}}],"collection":[{"href":"https:\/\/mproduccion.datacentersgo.gob.ar\/index.php\/wp-json\/wp\/v2\/posts"}],"about":[{"href":"https:\/\/mproduccion.datacentersgo.gob.ar\/index.php\/wp-json\/wp\/v2\/types\/post"}],"author":[{"embeddable":true,"href":"https:\/\/mproduccion.datacentersgo.gob.ar\/index.php\/wp-json\/wp\/v2\/users\/1"}],"replies":[{"embeddable":true,"href":"https:\/\/mproduccion.datacentersgo.gob.ar\/index.php\/wp-json\/wp\/v2\/comments?post=353"}],"version-history":[{"count":1,"href":"https:\/\/mproduccion.datacentersgo.gob.ar\/index.php\/wp-json\/wp\/v2\/posts\/353\/revisions"}],"predecessor-version":[{"id":355,"href":"https:\/\/mproduccion.datacentersgo.gob.ar\/index.php\/wp-json\/wp\/v2\/posts\/353\/revisions\/355"}],"wp:featuredmedia":[{"embeddable":true,"href":"https:\/\/mproduccion.datacentersgo.gob.ar\/index.php\/wp-json\/wp\/v2\/media\/354"}],"wp:attachment":[{"href":"https:\/\/mproduccion.datacentersgo.gob.ar\/index.php\/wp-json\/wp\/v2\/media?parent=353"}],"wp:term":[{"taxonomy":"category","embeddable":true,"href":"https:\/\/mproduccion.datacentersgo.gob.ar\/index.php\/wp-json\/wp\/v2\/categories?post=353"},{"taxonomy":"post_tag","embeddable":true,"href":"https:\/\/mproduccion.datacentersgo.gob.ar\/index.php\/wp-json\/wp\/v2\/tags?post=353"}],"curies":[{"name":"wp","href":"https:\/\/api.w.org\/{rel}","templated":true}]}}