{"id":350,"date":"2023-08-14T15:19:42","date_gmt":"2023-08-14T15:19:42","guid":{"rendered":"https:\/\/mproduccion.datacentersgo.gob.ar\/?p=350"},"modified":"2023-08-14T15:19:42","modified_gmt":"2023-08-14T15:19:42","slug":"agricultura-brindo-asistencia-y-capacitaciones-a-productores-bandenos","status":"publish","type":"post","link":"https:\/\/mproduccion.datacentersgo.gob.ar\/index.php\/sin-categoria\/agricultura-brindo-asistencia-y-capacitaciones-a-productores-bandenos\/","title":{"rendered":"Agricultura brind\u00f3 asistencia y capacitaciones a productores bande\u00f1os"},"content":{"rendered":"\n<p>El pasado viernes 4 de agosto, el personal t\u00e9cnico del&nbsp;<strong>departamento Rumiantes Menores de la Direcci\u00f3n General de Agricultura y Ganader\u00eda<\/strong>, en articulaci\u00f3n con<strong>&nbsp;t\u00e9cnicos de la agencia de desarrollo de La Banda,&nbsp;<\/strong>realizaron una visita a productores de<strong>&nbsp;Los D\u00edaz, depto. Banda.<\/strong><\/p>\n\n\n\n<p>All\u00ed se encontraban alrededor de<strong>&nbsp;30 productores caprinos de la zona y alrededores.&nbsp;<\/strong>Durante el encuentro se detallaron los servicios que propone el departamento de Rumiantes Menores y<strong>&nbsp;se evacuaron dudas sobre manejo, sanidad y alimentaci\u00f3n<\/strong>, como as\u00ed tambi\u00e9n se propuso<strong>&nbsp;trabajar junto a los t\u00e9cnicos de la agencia para realizar un relevamiento espec\u00edfico y brindar el servicio de la campa\u00f1a sanitaria.<\/strong><\/p>\n\n\n\n<p>Es importante destacar que dicha campa\u00f1<strong>a incluye la colocaci\u00f3n de antiparasitarios, polivitam\u00ednicos y antibi\u00f3ticos, asistiendo, de esta manera, las diversas necesidades presentadas por las personas impactadas por este trabajo.<\/strong><\/p>\n\n\n\n<p>Asimismo, se acord\u00f3 realizar diversas capacitaciones sobre enfermedades, manejo de rodeo, estructuraci\u00f3n de corrales y cuestiones relacionadas a caprinos, con el objetivo de lograr un mayor conocimiento y capacidad de respuesta ante las diversas problem\u00e1ticas surgidas en esta actividad.<\/p>\n\n\n\n<p>Este tipo de actividades<strong>&nbsp;forman parte de una continuidad de trabajos que viene realizando el departamento Rumiantes Menores en diferentes puntos de Santiago del Estero<\/strong>, respondiendo as\u00ed a las diversas necesidades planteadas por los peque\u00f1os productores de nuestra provincia.<\/p>\n","protected":false},"excerpt":{"rendered":"<p>El pasado viernes 4 de agosto, el personal t\u00e9cnico del&nbsp;departamento Rumiantes Menores de la Direcci\u00f3n General de Agricultura y Ganader\u00eda, en articulaci\u00f3n con&nbsp;t\u00e9cnicos de la agencia de desarrollo de La Banda,&nbsp;realizaron una visita a productores de&nbsp;Los D\u00edaz, depto. Banda. All\u00ed se encontraban alrededor de&nbsp;30 productores caprinos de la zona y alrededores.&nbsp;Durante el encuentro se detallaron [&hellip;]<\/p>\n","protected":false},"author":1,"featured_media":351,"comment_status":"open","ping_status":"open","sticky":false,"template":"","format":"standard","meta":{"_acf_changed":false,"footnotes":""},"categories":[1],"tags":[],"class_list":["post-350","post","type-post","status-publish","format-standard","has-post-thumbnail","hentry","category-sin-categoria"],"acf":[],"yoast_head":"<!-- This site is optimized with the Yoast SEO plugin v26.4 - https:\/\/yoast.com\/wordpress\/plugins\/seo\/ -->\n<title>Agricultura brind\u00f3 asistencia y capacitaciones a productores bande\u00f1os - Ministerio de Producci\u00f3n de Santiago del Estero<\/title>\n<meta name=\"robots\" content=\"index, follow, max-snippet:-1, max-image-preview:large, max-video-preview:-1\" \/>\n<link rel=\"canonical\" href=\"https:\/\/mproduccion.datacentersgo.gob.ar\/index.php\/sin-categoria\/agricultura-brindo-asistencia-y-capacitaciones-a-productores-bandenos\/\" \/>\n<meta property=\"og:locale\" content=\"es_ES\" \/>\n<meta property=\"og:type\" content=\"article\" \/>\n<meta property=\"og:title\" content=\"Agricultura brind\u00f3 asistencia y capacitaciones a productores bande\u00f1os - Ministerio de Producci\u00f3n de Santiago del Estero\" \/>\n<meta property=\"og:description\" content=\"El pasado viernes 4 de agosto, el personal t\u00e9cnico del&nbsp;departamento Rumiantes Menores de la Direcci\u00f3n General de Agricultura y Ganader\u00eda, en articulaci\u00f3n con&nbsp;t\u00e9cnicos de la agencia de desarrollo de La Banda,&nbsp;realizaron una visita a productores de&nbsp;Los D\u00edaz, depto. Banda. All\u00ed se encontraban alrededor de&nbsp;30 productores caprinos de la zona y alrededores.&nbsp;Durante el encuentro se detallaron [&hellip;]\" \/>\n<meta property=\"og:url\" content=\"https:\/\/mproduccion.datacentersgo.gob.ar\/index.php\/sin-categoria\/agricultura-brindo-asistencia-y-capacitaciones-a-productores-bandenos\/\" \/>\n<meta property=\"og:site_name\" content=\"Ministerio de Producci\u00f3n de Santiago del Estero\" \/>\n<meta property=\"article:publisher\" content=\"https:\/\/www.facebook.com\/MProduccion\" \/>\n<meta property=\"article:published_time\" content=\"2023-08-14T15:19:42+00:00\" \/>\n<meta property=\"og:image\" content=\"https:\/\/mproduccion.datacentersgo.gob.ar\/wp-content\/uploads\/2023\/08\/365688008_597749505862858_2202347946419223700_n.jpg\" \/>\n\t<meta property=\"og:image:width\" content=\"720\" \/>\n\t<meta property=\"og:image:height\" content=\"405\" \/>\n\t<meta property=\"og:image:type\" content=\"image\/jpeg\" \/>\n<meta name=\"author\" content=\"Ministerio de Producci\u00f3n\" \/>\n<meta name=\"twitter:card\" content=\"summary_large_image\" \/>\n<meta name=\"twitter:label1\" content=\"Escrito por\" \/>\n\t<meta name=\"twitter:data1\" content=\"Ministerio de Producci\u00f3n\" \/>\n\t<meta name=\"twitter:label2\" content=\"Tiempo de lectura\" \/>\n\t<meta name=\"twitter:data2\" content=\"1 minuto\" \/>\n<script type=\"application\/ld+json\" class=\"yoast-schema-graph\">{\"@context\":\"https:\/\/schema.org\",\"@graph\":[{\"@type\":\"Article\",\"@id\":\"https:\/\/mproduccion.datacentersgo.gob.ar\/index.php\/sin-categoria\/agricultura-brindo-asistencia-y-capacitaciones-a-productores-bandenos\/#article\",\"isPartOf\":{\"@id\":\"https:\/\/mproduccion.datacentersgo.gob.ar\/index.php\/sin-categoria\/agricultura-brindo-asistencia-y-capacitaciones-a-productores-bandenos\/\"},\"author\":{\"name\":\"Ministerio de Producci\u00f3n\",\"@id\":\"https:\/\/mproduccion.datacentersgo.gob.ar\/#\/schema\/person\/4af5beecd98d5d78058395a80dbdb3c6\"},\"headline\":\"Agricultura brind\u00f3 asistencia y capacitaciones a productores bande\u00f1os\",\"datePublished\":\"2023-08-14T15:19:42+00:00\",\"mainEntityOfPage\":{\"@id\":\"https:\/\/mproduccion.datacentersgo.gob.ar\/index.php\/sin-categoria\/agricultura-brindo-asistencia-y-capacitaciones-a-productores-bandenos\/\"},\"wordCount\":246,\"commentCount\":0,\"publisher\":{\"@id\":\"https:\/\/mproduccion.datacentersgo.gob.ar\/#organization\"},\"image\":{\"@id\":\"https:\/\/mproduccion.datacentersgo.gob.ar\/index.php\/sin-categoria\/agricultura-brindo-asistencia-y-capacitaciones-a-productores-bandenos\/#primaryimage\"},\"thumbnailUrl\":\"https:\/\/mproduccion.datacentersgo.gob.ar\/wp-content\/uploads\/2023\/08\/365688008_597749505862858_2202347946419223700_n.jpg\",\"inLanguage\":\"es\",\"potentialAction\":[{\"@type\":\"CommentAction\",\"name\":\"Comment\",\"target\":[\"https:\/\/mproduccion.datacentersgo.gob.ar\/index.php\/sin-categoria\/agricultura-brindo-asistencia-y-capacitaciones-a-productores-bandenos\/#respond\"]}]},{\"@type\":\"WebPage\",\"@id\":\"https:\/\/mproduccion.datacentersgo.gob.ar\/index.php\/sin-categoria\/agricultura-brindo-asistencia-y-capacitaciones-a-productores-bandenos\/\",\"url\":\"https:\/\/mproduccion.datacentersgo.gob.ar\/index.php\/sin-categoria\/agricultura-brindo-asistencia-y-capacitaciones-a-productores-bandenos\/\",\"name\":\"Agricultura brind\u00f3 asistencia y capacitaciones a productores bande\u00f1os - Ministerio de Producci\u00f3n de Santiago del Estero\",\"isPartOf\":{\"@id\":\"https:\/\/mproduccion.datacentersgo.gob.ar\/#website\"},\"primaryImageOfPage\":{\"@id\":\"https:\/\/mproduccion.datacentersgo.gob.ar\/index.php\/sin-categoria\/agricultura-brindo-asistencia-y-capacitaciones-a-productores-bandenos\/#primaryimage\"},\"image\":{\"@id\":\"https:\/\/mproduccion.datacentersgo.gob.ar\/index.php\/sin-categoria\/agricultura-brindo-asistencia-y-capacitaciones-a-productores-bandenos\/#primaryimage\"},\"thumbnailUrl\":\"https:\/\/mproduccion.datacentersgo.gob.ar\/wp-content\/uploads\/2023\/08\/365688008_597749505862858_2202347946419223700_n.jpg\",\"datePublished\":\"2023-08-14T15:19:42+00:00\",\"breadcrumb\":{\"@id\":\"https:\/\/mproduccion.datacentersgo.gob.ar\/index.php\/sin-categoria\/agricultura-brindo-asistencia-y-capacitaciones-a-productores-bandenos\/#breadcrumb\"},\"inLanguage\":\"es\",\"potentialAction\":[{\"@type\":\"ReadAction\",\"target\":[\"https:\/\/mproduccion.datacentersgo.gob.ar\/index.php\/sin-categoria\/agricultura-brindo-asistencia-y-capacitaciones-a-productores-bandenos\/\"]}]},{\"@type\":\"ImageObject\",\"inLanguage\":\"es\",\"@id\":\"https:\/\/mproduccion.datacentersgo.gob.ar\/index.php\/sin-categoria\/agricultura-brindo-asistencia-y-capacitaciones-a-productores-bandenos\/#primaryimage\",\"url\":\"https:\/\/mproduccion.datacentersgo.gob.ar\/wp-content\/uploads\/2023\/08\/365688008_597749505862858_2202347946419223700_n.jpg\",\"contentUrl\":\"https:\/\/mproduccion.datacentersgo.gob.ar\/wp-content\/uploads\/2023\/08\/365688008_597749505862858_2202347946419223700_n.jpg\",\"width\":720,\"height\":405},{\"@type\":\"BreadcrumbList\",\"@id\":\"https:\/\/mproduccion.datacentersgo.gob.ar\/index.php\/sin-categoria\/agricultura-brindo-asistencia-y-capacitaciones-a-productores-bandenos\/#breadcrumb\",\"itemListElement\":[{\"@type\":\"ListItem\",\"position\":1,\"name\":\"Portada\",\"item\":\"https:\/\/mproduccion.datacentersgo.gob.ar\/\"},{\"@type\":\"ListItem\",\"position\":2,\"name\":\"Agricultura brind\u00f3 asistencia y capacitaciones a productores bande\u00f1os\"}]},{\"@type\":\"WebSite\",\"@id\":\"https:\/\/mproduccion.datacentersgo.gob.ar\/#website\",\"url\":\"https:\/\/mproduccion.datacentersgo.gob.ar\/\",\"name\":\"Ministerio de Producci\u00f3n de Santiago del Estero\",\"description\":\"\",\"publisher\":{\"@id\":\"https:\/\/mproduccion.datacentersgo.gob.ar\/#organization\"},\"potentialAction\":[{\"@type\":\"SearchAction\",\"target\":{\"@type\":\"EntryPoint\",\"urlTemplate\":\"https:\/\/mproduccion.datacentersgo.gob.ar\/?s={search_term_string}\"},\"query-input\":{\"@type\":\"PropertyValueSpecification\",\"valueRequired\":true,\"valueName\":\"search_term_string\"}}],\"inLanguage\":\"es\"},{\"@type\":\"Organization\",\"@id\":\"https:\/\/mproduccion.datacentersgo.gob.ar\/#organization\",\"name\":\"Ministerio de Producci\u00f3n De Santiago del Estero\",\"url\":\"https:\/\/mproduccion.datacentersgo.gob.ar\/\",\"logo\":{\"@type\":\"ImageObject\",\"inLanguage\":\"es\",\"@id\":\"https:\/\/mproduccion.datacentersgo.gob.ar\/#\/schema\/logo\/image\/\",\"url\":\"https:\/\/mproduccion.datacentersgo.gob.ar\/wp-content\/uploads\/2022\/07\/Ministerio-Produccion-Logo.png\",\"contentUrl\":\"https:\/\/mproduccion.datacentersgo.gob.ar\/wp-content\/uploads\/2022\/07\/Ministerio-Produccion-Logo.png\",\"width\":1000,\"height\":1000,\"caption\":\"Ministerio de Producci\u00f3n De Santiago del Estero\"},\"image\":{\"@id\":\"https:\/\/mproduccion.datacentersgo.gob.ar\/#\/schema\/logo\/image\/\"},\"sameAs\":[\"https:\/\/www.facebook.com\/MProduccion\",\"https:\/\/www.instagram.com\/ministeriodeproduccionsde\/\",\"https:\/\/www.youtube.com\/channel\/UCWZNDXe5X8raCg0SVdIcnjg\"]},{\"@type\":\"Person\",\"@id\":\"https:\/\/mproduccion.datacentersgo.gob.ar\/#\/schema\/person\/4af5beecd98d5d78058395a80dbdb3c6\",\"name\":\"Ministerio de Producci\u00f3n\",\"image\":{\"@type\":\"ImageObject\",\"inLanguage\":\"es\",\"@id\":\"https:\/\/mproduccion.datacentersgo.gob.ar\/#\/schema\/person\/image\/\",\"url\":\"https:\/\/secure.gravatar.com\/avatar\/fff36974328ff2e31baebb43c23b25ff3b41968a321863ed3b5d29b09b931c0f?s=96&d=mm&r=g\",\"contentUrl\":\"https:\/\/secure.gravatar.com\/avatar\/fff36974328ff2e31baebb43c23b25ff3b41968a321863ed3b5d29b09b931c0f?s=96&d=mm&r=g\",\"caption\":\"Ministerio de Producci\u00f3n\"},\"sameAs\":[\"https:\/\/mproduccion.datacentersgo.gob.ar\"],\"url\":\"https:\/\/mproduccion.datacentersgo.gob.ar\/index.php\/author\/mproducc\/\"}]}<\/script>\n<!-- \/ Yoast SEO plugin. -->","yoast_head_json":{"title":"Agricultura brind\u00f3 asistencia y capacitaciones a productores bande\u00f1os - Ministerio de Producci\u00f3n de Santiago del Estero","robots":{"index":"index","follow":"follow","max-snippet":"max-snippet:-1","max-image-preview":"max-image-preview:large","max-video-preview":"max-video-preview:-1"},"canonical":"https:\/\/mproduccion.datacentersgo.gob.ar\/index.php\/sin-categoria\/agricultura-brindo-asistencia-y-capacitaciones-a-productores-bandenos\/","og_locale":"es_ES","og_type":"article","og_title":"Agricultura brind\u00f3 asistencia y capacitaciones a productores bande\u00f1os - Ministerio de Producci\u00f3n de Santiago del Estero","og_description":"El pasado viernes 4 de agosto, el personal t\u00e9cnico del&nbsp;departamento Rumiantes Menores de la Direcci\u00f3n General de Agricultura y Ganader\u00eda, en articulaci\u00f3n con&nbsp;t\u00e9cnicos de la agencia de desarrollo de La Banda,&nbsp;realizaron una visita a productores de&nbsp;Los D\u00edaz, depto. Banda. All\u00ed se encontraban alrededor de&nbsp;30 productores caprinos de la zona y alrededores.&nbsp;Durante el encuentro se detallaron [&hellip;]","og_url":"https:\/\/mproduccion.datacentersgo.gob.ar\/index.php\/sin-categoria\/agricultura-brindo-asistencia-y-capacitaciones-a-productores-bandenos\/","og_site_name":"Ministerio de Producci\u00f3n de Santiago del Estero","article_publisher":"https:\/\/www.facebook.com\/MProduccion","article_published_time":"2023-08-14T15:19:42+00:00","og_image":[{"width":720,"height":405,"url":"https:\/\/mproduccion.datacentersgo.gob.ar\/wp-content\/uploads\/2023\/08\/365688008_597749505862858_2202347946419223700_n.jpg","type":"image\/jpeg"}],"author":"Ministerio de Producci\u00f3n","twitter_card":"summary_large_image","twitter_misc":{"Escrito por":"Ministerio de Producci\u00f3n","Tiempo de lectura":"1 minuto"},"schema":{"@context":"https:\/\/schema.org","@graph":[{"@type":"Article","@id":"https:\/\/mproduccion.datacentersgo.gob.ar\/index.php\/sin-categoria\/agricultura-brindo-asistencia-y-capacitaciones-a-productores-bandenos\/#article","isPartOf":{"@id":"https:\/\/mproduccion.datacentersgo.gob.ar\/index.php\/sin-categoria\/agricultura-brindo-asistencia-y-capacitaciones-a-productores-bandenos\/"},"author":{"name":"Ministerio de Producci\u00f3n","@id":"https:\/\/mproduccion.datacentersgo.gob.ar\/#\/schema\/person\/4af5beecd98d5d78058395a80dbdb3c6"},"headline":"Agricultura brind\u00f3 asistencia y capacitaciones a productores bande\u00f1os","datePublished":"2023-08-14T15:19:42+00:00","mainEntityOfPage":{"@id":"https:\/\/mproduccion.datacentersgo.gob.ar\/index.php\/sin-categoria\/agricultura-brindo-asistencia-y-capacitaciones-a-productores-bandenos\/"},"wordCount":246,"commentCount":0,"publisher":{"@id":"https:\/\/mproduccion.datacentersgo.gob.ar\/#organization"},"image":{"@id":"https:\/\/mproduccion.datacentersgo.gob.ar\/index.php\/sin-categoria\/agricultura-brindo-asistencia-y-capacitaciones-a-productores-bandenos\/#primaryimage"},"thumbnailUrl":"https:\/\/mproduccion.datacentersgo.gob.ar\/wp-content\/uploads\/2023\/08\/365688008_597749505862858_2202347946419223700_n.jpg","inLanguage":"es","potentialAction":[{"@type":"CommentAction","name":"Comment","target":["https:\/\/mproduccion.datacentersgo.gob.ar\/index.php\/sin-categoria\/agricultura-brindo-asistencia-y-capacitaciones-a-productores-bandenos\/#respond"]}]},{"@type":"WebPage","@id":"https:\/\/mproduccion.datacentersgo.gob.ar\/index.php\/sin-categoria\/agricultura-brindo-asistencia-y-capacitaciones-a-productores-bandenos\/","url":"https:\/\/mproduccion.datacentersgo.gob.ar\/index.php\/sin-categoria\/agricultura-brindo-asistencia-y-capacitaciones-a-productores-bandenos\/","name":"Agricultura brind\u00f3 asistencia y capacitaciones a productores bande\u00f1os - Ministerio de Producci\u00f3n de Santiago del Estero","isPartOf":{"@id":"https:\/\/mproduccion.datacentersgo.gob.ar\/#website"},"primaryImageOfPage":{"@id":"https:\/\/mproduccion.datacentersgo.gob.ar\/index.php\/sin-categoria\/agricultura-brindo-asistencia-y-capacitaciones-a-productores-bandenos\/#primaryimage"},"image":{"@id":"https:\/\/mproduccion.datacentersgo.gob.ar\/index.php\/sin-categoria\/agricultura-brindo-asistencia-y-capacitaciones-a-productores-bandenos\/#primaryimage"},"thumbnailUrl":"https:\/\/mproduccion.datacentersgo.gob.ar\/wp-content\/uploads\/2023\/08\/365688008_597749505862858_2202347946419223700_n.jpg","datePublished":"2023-08-14T15:19:42+00:00","breadcrumb":{"@id":"https:\/\/mproduccion.datacentersgo.gob.ar\/index.php\/sin-categoria\/agricultura-brindo-asistencia-y-capacitaciones-a-productores-bandenos\/#breadcrumb"},"inLanguage":"es","potentialAction":[{"@type":"ReadAction","target":["https:\/\/mproduccion.datacentersgo.gob.ar\/index.php\/sin-categoria\/agricultura-brindo-asistencia-y-capacitaciones-a-productores-bandenos\/"]}]},{"@type":"ImageObject","inLanguage":"es","@id":"https:\/\/mproduccion.datacentersgo.gob.ar\/index.php\/sin-categoria\/agricultura-brindo-asistencia-y-capacitaciones-a-productores-bandenos\/#primaryimage","url":"https:\/\/mproduccion.datacentersgo.gob.ar\/wp-content\/uploads\/2023\/08\/365688008_597749505862858_2202347946419223700_n.jpg","contentUrl":"https:\/\/mproduccion.datacentersgo.gob.ar\/wp-content\/uploads\/2023\/08\/365688008_597749505862858_2202347946419223700_n.jpg","width":720,"height":405},{"@type":"BreadcrumbList","@id":"https:\/\/mproduccion.datacentersgo.gob.ar\/index.php\/sin-categoria\/agricultura-brindo-asistencia-y-capacitaciones-a-productores-bandenos\/#breadcrumb","itemListElement":[{"@type":"ListItem","position":1,"name":"Portada","item":"https:\/\/mproduccion.datacentersgo.gob.ar\/"},{"@type":"ListItem","position":2,"name":"Agricultura brind\u00f3 asistencia y capacitaciones a productores bande\u00f1os"}]},{"@type":"WebSite","@id":"https:\/\/mproduccion.datacentersgo.gob.ar\/#website","url":"https:\/\/mproduccion.datacentersgo.gob.ar\/","name":"Ministerio de Producci\u00f3n de Santiago del Estero","description":"","publisher":{"@id":"https:\/\/mproduccion.datacentersgo.gob.ar\/#organization"},"potentialAction":[{"@type":"SearchAction","target":{"@type":"EntryPoint","urlTemplate":"https:\/\/mproduccion.datacentersgo.gob.ar\/?s={search_term_string}"},"query-input":{"@type":"PropertyValueSpecification","valueRequired":true,"valueName":"search_term_string"}}],"inLanguage":"es"},{"@type":"Organization","@id":"https:\/\/mproduccion.datacentersgo.gob.ar\/#organization","name":"Ministerio de Producci\u00f3n De Santiago del Estero","url":"https:\/\/mproduccion.datacentersgo.gob.ar\/","logo":{"@type":"ImageObject","inLanguage":"es","@id":"https:\/\/mproduccion.datacentersgo.gob.ar\/#\/schema\/logo\/image\/","url":"https:\/\/mproduccion.datacentersgo.gob.ar\/wp-content\/uploads\/2022\/07\/Ministerio-Produccion-Logo.png","contentUrl":"https:\/\/mproduccion.datacentersgo.gob.ar\/wp-content\/uploads\/2022\/07\/Ministerio-Produccion-Logo.png","width":1000,"height":1000,"caption":"Ministerio de Producci\u00f3n De Santiago del Estero"},"image":{"@id":"https:\/\/mproduccion.datacentersgo.gob.ar\/#\/schema\/logo\/image\/"},"sameAs":["https:\/\/www.facebook.com\/MProduccion","https:\/\/www.instagram.com\/ministeriodeproduccionsde\/","https:\/\/www.youtube.com\/channel\/UCWZNDXe5X8raCg0SVdIcnjg"]},{"@type":"Person","@id":"https:\/\/mproduccion.datacentersgo.gob.ar\/#\/schema\/person\/4af5beecd98d5d78058395a80dbdb3c6","name":"Ministerio de Producci\u00f3n","image":{"@type":"ImageObject","inLanguage":"es","@id":"https:\/\/mproduccion.datacentersgo.gob.ar\/#\/schema\/person\/image\/","url":"https:\/\/secure.gravatar.com\/avatar\/fff36974328ff2e31baebb43c23b25ff3b41968a321863ed3b5d29b09b931c0f?s=96&d=mm&r=g","contentUrl":"https:\/\/secure.gravatar.com\/avatar\/fff36974328ff2e31baebb43c23b25ff3b41968a321863ed3b5d29b09b931c0f?s=96&d=mm&r=g","caption":"Ministerio de Producci\u00f3n"},"sameAs":["https:\/\/mproduccion.datacentersgo.gob.ar"],"url":"https:\/\/mproduccion.datacentersgo.gob.ar\/index.php\/author\/mproducc\/"}]}},"_links":{"self":[{"href":"https:\/\/mproduccion.datacentersgo.gob.ar\/index.php\/wp-json\/wp\/v2\/posts\/350","targetHints":{"allow":["GET"]}}],"collection":[{"href":"https:\/\/mproduccion.datacentersgo.gob.ar\/index.php\/wp-json\/wp\/v2\/posts"}],"about":[{"href":"https:\/\/mproduccion.datacentersgo.gob.ar\/index.php\/wp-json\/wp\/v2\/types\/post"}],"author":[{"embeddable":true,"href":"https:\/\/mproduccion.datacentersgo.gob.ar\/index.php\/wp-json\/wp\/v2\/users\/1"}],"replies":[{"embeddable":true,"href":"https:\/\/mproduccion.datacentersgo.gob.ar\/index.php\/wp-json\/wp\/v2\/comments?post=350"}],"version-history":[{"count":1,"href":"https:\/\/mproduccion.datacentersgo.gob.ar\/index.php\/wp-json\/wp\/v2\/posts\/350\/revisions"}],"predecessor-version":[{"id":352,"href":"https:\/\/mproduccion.datacentersgo.gob.ar\/index.php\/wp-json\/wp\/v2\/posts\/350\/revisions\/352"}],"wp:featuredmedia":[{"embeddable":true,"href":"https:\/\/mproduccion.datacentersgo.gob.ar\/index.php\/wp-json\/wp\/v2\/media\/351"}],"wp:attachment":[{"href":"https:\/\/mproduccion.datacentersgo.gob.ar\/index.php\/wp-json\/wp\/v2\/media?parent=350"}],"wp:term":[{"taxonomy":"category","embeddable":true,"href":"https:\/\/mproduccion.datacentersgo.gob.ar\/index.php\/wp-json\/wp\/v2\/categories?post=350"},{"taxonomy":"post_tag","embeddable":true,"href":"https:\/\/mproduccion.datacentersgo.gob.ar\/index.php\/wp-json\/wp\/v2\/tags?post=350"}],"curies":[{"name":"wp","href":"https:\/\/api.w.org\/{rel}","templated":true}]}}